{"id":14186,"date":"2023-06-15T14:24:06","date_gmt":"2023-06-15T17:24:06","guid":{"rendered":"https:\/\/hostnetart.com.br\/baixada\/jornada-de-mobilizacao-contra-politica-monetaria-do-banco-central-comeca-nesta-sexta-16\/"},"modified":"2023-06-15T14:24:06","modified_gmt":"2023-06-15T17:24:06","slug":"jornada-de-mobilizacao-contra-politica-monetaria-do-banco-central-comeca-nesta-sexta-16","status":"publish","type":"post","link":"https:\/\/hostnetart.com.br\/baixada\/jornada-de-mobilizacao-contra-politica-monetaria-do-banco-central-comeca-nesta-sexta-16\/","title":{"rendered":"Jornada de mobiliza\u00e7\u00e3o contra pol\u00edtica monet\u00e1ria do Banco Central come\u00e7a nesta sexta (16)"},"content":{"rendered":"<p>A Confedera\u00e7\u00e3o Nacional dos Trabalhadores do Ramo Financeiro (Contraf-CUT), junto com as demais centrais sindicais e movimentos populares, iniciar\u00e1 a partir desta sexta-feira (16) a \u201cJornada de mobiliza\u00e7\u00e3o contra a pol\u00edtica monet\u00e1ria do Banco Central\u201d, que segue mantendo a taxa b\u00e1sica de juros em 13,75%. Com isso, o Brasil continua com o t\u00edtulo de pa\u00eds com a maior taxa real do mundo, o que significa preju\u00edzos \u00e0 economia, aumento do endividamento da popula\u00e7\u00e3o e empresas investindo menos na expans\u00e3o e cria\u00e7\u00e3o de empregos.<\/p>\n<p>Al\u00e9m do lan\u00e7amento da Jornada de mobiliza\u00e7\u00e3o, que ter\u00e1 in\u00edcio com uma grande caminhada em S\u00e3o Bernardo do Campo, no ABC Paulista, organizada pelo Sindicato dos Metal\u00fargicos do ABC (SMABC), as entidades realizar\u00e3o, no dia 16, assembleias e panfletagens em diversas regi\u00f5es do pa\u00eds, al\u00e9m de um tuita\u00e7o nas redes sociais com as hashtags #jurosbaixosja e #ForaCamposNeto.<\/p>\n<p>Na segunda-feira, dia 19, um novo tuita\u00e7o ser\u00e1 realizado, com as mesmas hashtags, para mobilizar e informar ainda mais a sociedade civil sobre o tema.<\/p>\n<p>Uma nova fase da jornada acontecer\u00e1 no dia 20, quando o Comit\u00ea de Pol\u00edtica Monet\u00e1rio do Banco Central (Copom) voltar\u00e1 a se reunir para definir qual ser\u00e1 a taxa de juros referencial praticada no pa\u00eds. Nesta data, ser\u00e3o realizadas manifesta\u00e7\u00f5es a partir das 10h em todo o pa\u00eds em frente aos pr\u00e9dios do BC, onde h\u00e1 sedes da entidade, ou em locais de grande circula\u00e7\u00e3o, a serem definidos nos pr\u00f3ximos dias.<\/p>\n<h3>Selic aumentou sete vezes desde 2021<\/h3>\n<p>O Copom re\u00fane-se durante dois dias a cada 45 dias para discutir a defini\u00e7\u00e3o da Selic. Durante a gest\u00e3o Campos Neto, que assumiu a presid\u00eancia da entidade em fevereiro de 2019, a taxa b\u00e1sica de juros passou de 2% (em janeiro de 2021) para 13,75% ao ano (em setembro de 2022) \u2013 percentual mantido at\u00e9 o momento. A justificativa do BC para a alta de quase sete vezes da Selic \u00e9 que o Brasil precisa controlar a infla\u00e7\u00e3o.<\/p>\n<p>\u201cN\u00e3o se sustenta esse argumento que parte do princ\u00edpio de que a maior parte da infla\u00e7\u00e3o no pa\u00eds \u00e9 composta porque a popula\u00e7\u00e3o est\u00e1 gastando muito, ou seja, pela demanda. O consumo vem caindo entre a popula\u00e7\u00e3o e empresas. Na verdade, o que tem aumentado para esses grupos s\u00e3o os gastos com contratos de empr\u00e9stimos e com cart\u00f5es de cr\u00e9dito, que t\u00eam os juros cada vez maiores por causa da elevada Selic\u201d, explica a economista da subse\u00e7\u00e3o do Departamento Intersindical de Estat\u00edsticas e Estudos Socioecon\u00f4micos (Dieese) na Contraf-CUT, Vivian Machado.<\/p>\n<p><strong>Fonte: Contraf-CUT<\/strong><\/p>\n","protected":false},"excerpt":{"rendered":"<p>A Confedera\u00e7\u00e3o Nacional dos Trabalhadores do Ramo Financeiro (Contraf-CUT), junto com as demais centrais sindicais e movimentos populares, iniciar\u00e1 a partir desta sexta-feira (16) a \u201cJornada de mobiliza\u00e7\u00e3o contra a pol\u00edtica monet\u00e1ria do Banco Central\u201d, que segue mantendo a taxa b\u00e1sica de juros em 13,75%. Com isso, o Brasil continua com o t\u00edtulo de pa\u00eds [&hellip;]<\/p>\n","protected":false},"author":2,"featured_media":14185,"comment_status":"","ping_status":"","sticky":false,"template":"","format":"standard","meta":{"footnotes":""},"categories":[3],"tags":[],"class_list":["post-14186","post","type-post","status-publish","format-standard","has-post-thumbnail","hentry","category-noticias"],"_links":{"self":[{"href":"https:\/\/hostnetart.com.br\/baixada\/wp-json\/wp\/v2\/posts\/14186","targetHints":{"allow":["GET"]}}],"collection":[{"href":"https:\/\/hostnetart.com.br\/baixada\/wp-json\/wp\/v2\/posts"}],"about":[{"href":"https:\/\/hostnetart.com.br\/baixada\/wp-json\/wp\/v2\/types\/post"}],"author":[{"embeddable":true,"href":"https:\/\/hostnetart.com.br\/baixada\/wp-json\/wp\/v2\/users\/2"}],"replies":[{"embeddable":true,"href":"https:\/\/hostnetart.com.br\/baixada\/wp-json\/wp\/v2\/comments?post=14186"}],"version-history":[{"count":0,"href":"https:\/\/hostnetart.com.br\/baixada\/wp-json\/wp\/v2\/posts\/14186\/revisions"}],"wp:featuredmedia":[{"embeddable":true,"href":"https:\/\/hostnetart.com.br\/baixada\/wp-json\/wp\/v2\/media\/14185"}],"wp:attachment":[{"href":"https:\/\/hostnetart.com.br\/baixada\/wp-json\/wp\/v2\/media?parent=14186"}],"wp:term":[{"taxonomy":"category","embeddable":true,"href":"https:\/\/hostnetart.com.br\/baixada\/wp-json\/wp\/v2\/categories?post=14186"},{"taxonomy":"post_tag","embeddable":true,"href":"https:\/\/hostnetart.com.br\/baixada\/wp-json\/wp\/v2\/tags?post=14186"}],"curies":[{"name":"wp","href":"https:\/\/api.w.org\/{rel}","templated":true}]}}