{"id":14184,"date":"2023-06-15T14:17:49","date_gmt":"2023-06-15T17:17:49","guid":{"rendered":"https:\/\/hostnetart.com.br\/baixada\/caixa-gt-sobre-condicoes-de-trabalho-se-reune-na-sexta-feira-16\/"},"modified":"2023-06-15T14:17:49","modified_gmt":"2023-06-15T17:17:49","slug":"caixa-gt-sobre-condicoes-de-trabalho-se-reune-na-sexta-feira-16","status":"publish","type":"post","link":"https:\/\/hostnetart.com.br\/baixada\/caixa-gt-sobre-condicoes-de-trabalho-se-reune-na-sexta-feira-16\/","title":{"rendered":"Caixa: GT sobre condi\u00e7\u00f5es de trabalho se re\u00fane na sexta-feira (16)"},"content":{"rendered":"<p><strong><\/strong>O Grupo de Trabalho sobre Condi\u00e7\u00f5es de Trabalho na Caixa Econ\u00f4mica Federal, composto por representantes dos empregados e do banco, volta a se reunir, nesta sexta-feira (16), para dar continuidade \u00e0s negocia\u00e7\u00f5es sobre os problemas que afetam o dia a dia dos trabalhadores nas unidades do banco.<\/p>\n<p><a href=\"https:\/\/contrafcut.com.br\/noticias\/empregados-e-caixa-debatem-sobre-condicoes-de-trabalho\/\">Na \u00faltima reuni\u00e3o<\/a>, ocorrida no dia 4 de abril, as discuss\u00f5es giraram em torno, principalmente, dos problemas que afetam as empregadas e empregados PCDs (Pessoas com Defici\u00eancia) e sobre as formas de estabelecimento e cobran\u00e7a de metas.<\/p>\n<p>\u201cApresentamos algumas reivindica\u00e7\u00f5es e o banco ficou de nos trazer as repostas. Precisamos que elas sejam dadas na sexta-feira, para que possamos avan\u00e7ar na solu\u00e7\u00e3o de problemas que afetam as empregadas e empregados\u201d, disse a coordenadora da Comiss\u00e3o Executiva dos Empregados (CEE) da Caixa, Fabiana Uehara Proscholdt.<\/p>\n<h3><strong>Quest\u00f5es em aberto<\/strong><\/h3>\n<p>Em abril, a representa\u00e7\u00e3o dos trabalhadores perguntou em quantas unidades da Caixa existem PCDs lotadas e quais fun\u00e7\u00f5es s\u00e3o ocupadas por este grupamento e, para analisar a cobran\u00e7a de metas e suas consequ\u00eancias, solicitou um relat\u00f3rio com a quantidade e localidade de empregados afastados para tratamento de sa\u00fade e os respetivos c\u00f3digos de\u00a0<a href=\"https:\/\/brasil.un.org\/pt-br\/172116-oms-publica-vers%C3%A3o-final-da-nova-classifica%C3%A7%C3%A3o-internacional-de-doen%C3%A7as\" target=\"_blank\" rel=\"noopener noreferrer\">Classifica\u00e7\u00e3o Internacional de Doen\u00e7a (CIDs)<\/a>.<\/p>\n<p>Os trabalhadores tamb\u00e9m cobraram a voltas das pesquisas de satisfa\u00e7\u00e3o dos empregados com o banco e que as palestras e eventos sejam realizados em hor\u00e1rio que facilitem a participa\u00e7\u00e3o, pois, dependendo do hor\u00e1rio, alguns colegas da rede n\u00e3o poder\u00e3o participar.<\/p>\n<p>A Caixa ficou de analisar os pedidos e trazer a resposta na pr\u00f3xima reuni\u00e3o, que acontecer\u00e1 na sexta-feira.<\/p>\n<p><strong>Fonte: Contraf-CUT<\/strong><\/p>\n","protected":false},"excerpt":{"rendered":"<p>O Grupo de Trabalho sobre Condi\u00e7\u00f5es de Trabalho na Caixa Econ\u00f4mica Federal, composto por representantes dos empregados e do banco, volta a se reunir, nesta sexta-feira (16), para dar continuidade \u00e0s negocia\u00e7\u00f5es sobre os problemas que afetam o dia a dia dos trabalhadores nas unidades do banco. Na \u00faltima reuni\u00e3o, ocorrida no dia 4 de [&hellip;]<\/p>\n","protected":false},"author":2,"featured_media":14183,"comment_status":"","ping_status":"","sticky":false,"template":"","format":"standard","meta":{"footnotes":""},"categories":[3],"tags":[],"class_list":["post-14184","post","type-post","status-publish","format-standard","has-post-thumbnail","hentry","category-noticias"],"_links":{"self":[{"href":"https:\/\/hostnetart.com.br\/baixada\/wp-json\/wp\/v2\/posts\/14184","targetHints":{"allow":["GET"]}}],"collection":[{"href":"https:\/\/hostnetart.com.br\/baixada\/wp-json\/wp\/v2\/posts"}],"about":[{"href":"https:\/\/hostnetart.com.br\/baixada\/wp-json\/wp\/v2\/types\/post"}],"author":[{"embeddable":true,"href":"https:\/\/hostnetart.com.br\/baixada\/wp-json\/wp\/v2\/users\/2"}],"replies":[{"embeddable":true,"href":"https:\/\/hostnetart.com.br\/baixada\/wp-json\/wp\/v2\/comments?post=14184"}],"version-history":[{"count":0,"href":"https:\/\/hostnetart.com.br\/baixada\/wp-json\/wp\/v2\/posts\/14184\/revisions"}],"wp:featuredmedia":[{"embeddable":true,"href":"https:\/\/hostnetart.com.br\/baixada\/wp-json\/wp\/v2\/media\/14183"}],"wp:attachment":[{"href":"https:\/\/hostnetart.com.br\/baixada\/wp-json\/wp\/v2\/media?parent=14184"}],"wp:term":[{"taxonomy":"category","embeddable":true,"href":"https:\/\/hostnetart.com.br\/baixada\/wp-json\/wp\/v2\/categories?post=14184"},{"taxonomy":"post_tag","embeddable":true,"href":"https:\/\/hostnetart.com.br\/baixada\/wp-json\/wp\/v2\/tags?post=14184"}],"curies":[{"name":"wp","href":"https:\/\/api.w.org\/{rel}","templated":true}]}}