{"id":14182,"date":"2023-06-14T14:52:00","date_gmt":"2023-06-14T17:52:00","guid":{"rendered":"https:\/\/hostnetart.com.br\/baixada\/movimento-sindical-entrega-pauta-da-classe-trabalhadora-para-o-ppa-participativo\/"},"modified":"2023-06-14T14:52:00","modified_gmt":"2023-06-14T17:52:00","slug":"movimento-sindical-entrega-pauta-da-classe-trabalhadora-para-o-ppa-participativo","status":"publish","type":"post","link":"https:\/\/hostnetart.com.br\/baixada\/movimento-sindical-entrega-pauta-da-classe-trabalhadora-para-o-ppa-participativo\/","title":{"rendered":"Movimento sindical entrega pauta da classe trabalhadora para o PPA Participativo"},"content":{"rendered":"<p>Representantes do movimento sindical no Conselho de Desenvolvimento Econ\u00f4mico Social e Sustent\u00e1vel, o Conselh\u00e3o, entregaram \u00e0 ministra do Planejamento e Or\u00e7amento, Simone Tebet, propostas da classe trabalhadora ao Plano Plurianual (PPA) Participativo do governo federal, durante plen\u00e1ria realizada na capital de S\u00e3o Paulo, nessa segunda (12), no Sindicato dos Qu\u00edmicos.<\/p>\n<p>\u201cO documento cont\u00e9m pautas que n\u00f3s sempre defendemos, como direito \u00e0 seguridade social e aposentadoria digna, investimento no setor produtivo e em pol\u00edticas p\u00fablicas, pensando o futuro do pa\u00eds, com redu\u00e7\u00e3o das desigualdades e corre\u00e7\u00e3o das distor\u00e7\u00f5es causadas pela reforma trabalhistas que incentivam mais a pejotiza\u00e7\u00e3o e n\u00e3o a cria\u00e7\u00e3o de emprego de qualidade\u201d, explicou a presidenta da Confedera\u00e7\u00e3o Nacional dos Trabalhadores do Ramo Financeiro (Contraf-CUT) e vice-presidenta da CUT, Juvandia Moreira.<\/p>\n<p>O governo federal precisa entregar o PPA ao Congresso at\u00e9 o dia 31 de agosto. A partir de ent\u00e3o, o legislativo ter\u00e1 at\u00e9 dezembro para aprovar o instrumento de gest\u00e3o or\u00e7ament\u00e1ria que valer\u00e1 de 2024 at\u00e9 2027. \u201cEstamos falando de um planejamento que vai orientar o or\u00e7amento brasileiro para os pr\u00f3ximos quatro anos, para onde v\u00e3o os R$ 5 trilh\u00f5es de reais que s\u00e3o arrecadados pelo governo federal. Essa \u00e9 a import\u00e2ncia do PPA\u201d, explicou Simone Tebet.<\/p>\n<p>Durante sua apresenta\u00e7\u00e3o, a ministra ressaltou tamb\u00e9m que a meta pela cria\u00e7\u00e3o de vagas de emprego de qualidade, \u201cn\u00e3o de bicos, n\u00e3o de uberiza\u00e7\u00e3o e sim, emprego com carteira assinada\u201d, se tornou uma \u201cobsess\u00e3o do presidente Lula\u201d. A ministra destacou ainda a lei que garante o pagamento de sal\u00e1rios iguais para homens e mulheres que exercem a mesma fun\u00e7\u00e3o, de iniciativa do governo Lula e que, recentemente, foi aprovada na C\u00e2mara e no Senado, como um dos avan\u00e7os no caminho para melhorar o mercado de trabalho brasileiro.<\/p>\n<p>A discuss\u00e3o do PPA no terceiro mandato Lula trouxe como novidade a amplia\u00e7\u00e3o da participa\u00e7\u00e3o popular na discuss\u00e3o do or\u00e7amento. Com isso, o Executivo iniciou uma s\u00e9rie de plen\u00e1rias nas 27 capitais, come\u00e7ando pela que foi realizada nessa segunda, em S\u00e3o Paulo. \u201cTamb\u00e9m criamos uma plataforma digital do PPA Participativo, na qual qualquer pessoa pode acessar e votar em propostas j\u00e1 feitas ou fazer novas propostas\u201d, explicou a secret\u00e1ria nacional do Planejamento, Leany Lemosb, completando que mais de 200 mil pessoas j\u00e1 acessaram a plataforma. (<strong><a href=\"https:\/\/www.gov.br\/secretariageral\/pt-br\/ppa-participativo\" target=\"_blank\" rel=\"noopener noreferrer\">Clique aqui\u00a0<\/a><\/strong>para acessar o site do PPA Participativo).<\/p>\n<p>\u201cEssa iniciativa do governo federal de realizar plen\u00e1rias com diversos setores, trabalhadores, estudantes, empres\u00e1rios e para pensar o emprego frente a digitaliza\u00e7\u00e3o e o desafio de crescer e criando emprego de qualidade n\u00e3o apenas \u00e9 positiva, como necess\u00e1ria\u201d, avaliou Juvandia Moreira. \u201cAs propostas que o movimento sindical entregou dialogam com o compromisso que o governo firmou com a classe trabalhadora ainda durante a campanha eleitoral. E entre essas propostas est\u00e1 o tema por igualdade de oportunidades, na qual a categoria banc\u00e1ria vem conquistando avan\u00e7os desde os anos 2000, com a inclus\u00e3o do debate nas mesas de negocia\u00e7\u00e3o com os bancos\u201d, completou.<\/p>\n<p>Entre os representantes dos trabalhadores no Conselh\u00e3o que estiveram presente da plen\u00e1ria est\u00e3o o presidente da Central \u00danica dos Trabalhadores (CUT), S\u00e9rgio Nobre, e a presidente do Sindicato dos banc\u00e1rios do Estado de S\u00e3o Paulo, Ivone Silva.<\/p>\n<p><strong>Fonte: Contraf-CUT<\/strong><\/p>\n","protected":false},"excerpt":{"rendered":"<p>Representantes do movimento sindical no Conselho de Desenvolvimento Econ\u00f4mico Social e Sustent\u00e1vel, o Conselh\u00e3o, entregaram \u00e0 ministra do Planejamento e Or\u00e7amento, Simone Tebet, propostas da classe trabalhadora ao Plano Plurianual (PPA) Participativo do governo federal, durante plen\u00e1ria realizada na capital de S\u00e3o Paulo, nessa segunda (12), no Sindicato dos Qu\u00edmicos. \u201cO documento cont\u00e9m pautas que [&hellip;]<\/p>\n","protected":false},"author":2,"featured_media":14181,"comment_status":"","ping_status":"","sticky":false,"template":"","format":"standard","meta":{"footnotes":""},"categories":[3],"tags":[],"class_list":["post-14182","post","type-post","status-publish","format-standard","has-post-thumbnail","hentry","category-noticias"],"_links":{"self":[{"href":"https:\/\/hostnetart.com.br\/baixada\/wp-json\/wp\/v2\/posts\/14182","targetHints":{"allow":["GET"]}}],"collection":[{"href":"https:\/\/hostnetart.com.br\/baixada\/wp-json\/wp\/v2\/posts"}],"about":[{"href":"https:\/\/hostnetart.com.br\/baixada\/wp-json\/wp\/v2\/types\/post"}],"author":[{"embeddable":true,"href":"https:\/\/hostnetart.com.br\/baixada\/wp-json\/wp\/v2\/users\/2"}],"replies":[{"embeddable":true,"href":"https:\/\/hostnetart.com.br\/baixada\/wp-json\/wp\/v2\/comments?post=14182"}],"version-history":[{"count":0,"href":"https:\/\/hostnetart.com.br\/baixada\/wp-json\/wp\/v2\/posts\/14182\/revisions"}],"wp:featuredmedia":[{"embeddable":true,"href":"https:\/\/hostnetart.com.br\/baixada\/wp-json\/wp\/v2\/media\/14181"}],"wp:attachment":[{"href":"https:\/\/hostnetart.com.br\/baixada\/wp-json\/wp\/v2\/media?parent=14182"}],"wp:term":[{"taxonomy":"category","embeddable":true,"href":"https:\/\/hostnetart.com.br\/baixada\/wp-json\/wp\/v2\/categories?post=14182"},{"taxonomy":"post_tag","embeddable":true,"href":"https:\/\/hostnetart.com.br\/baixada\/wp-json\/wp\/v2\/tags?post=14182"}],"curies":[{"name":"wp","href":"https:\/\/api.w.org\/{rel}","templated":true}]}}