{"id":14180,"date":"2023-06-14T14:02:44","date_gmt":"2023-06-14T17:02:44","guid":{"rendered":"https:\/\/hostnetart.com.br\/baixada\/cee-cobra-aumento-de-cursos-na-universidade-caixa\/"},"modified":"2023-06-14T14:02:44","modified_gmt":"2023-06-14T17:02:44","slug":"cee-cobra-aumento-de-cursos-na-universidade-caixa","status":"publish","type":"post","link":"https:\/\/hostnetart.com.br\/baixada\/cee-cobra-aumento-de-cursos-na-universidade-caixa\/","title":{"rendered":"CEE cobra aumento de cursos na Universidade Caixa"},"content":{"rendered":"<p>Uma comitiva formada por membros da Comiss\u00e3o Executiva dos Empregados (CEE) da Caixa Econ\u00f4mica Federal vai \u00e0 Bras\u00edlia, nesta ter\u00e7a-feira (13), para realizar uma visita institucional \u00e0 Universidade Corporativa Caixa e pedir a amplia\u00e7\u00e3o da oferta de cursos e programas de forma\u00e7\u00e3o e o fortalecimento da institui\u00e7\u00e3o.<\/p>\n<p>\u201cA Universidade Caixa deve n\u00e3o apenas disponibilizar os cursos, mas manter programas de forma\u00e7\u00e3o que permitam que as pessoas estudem com calma, de prefer\u00eancia presencialmente, assimilem os conhecimentos e os utilize para seu desenvolvimento profissional e pessoal e para a melhoria do atendimento dos clientes e de toda a popula\u00e7\u00e3o brasileira, sobretudo das pessoas mais carentes, que dependem dos programas sociais do governo federal\u201d, disse a coordenadora da CEE\/Caixa, Fabiana Uehara Proscholdt. \u201cO fortalecimento da Universidade Caixa \u00e9 necess\u00e1rio porque a gest\u00e3o anterior quase a inviabilizou com o desmantelamento de todos os processos de forma\u00e7\u00e3o\u201d, acrescentou.<\/p>\n<h3>Gest\u00e3o de pessoas<\/h3>\n<p>Os membros da CEE v\u00e3o aproveitar a viagem para conhecer a nova estrutura da Vice-presid\u00eancia de Pessoas da Caixa. \u201cQueremos uma gest\u00e3o de fato humanizada e a \u00e1rea de pessoas \u00e9 a que lida com as quest\u00f5es relacionadas ao dia a dia de trabalho dos colegas. \u00c9 urgente a revis\u00e3o dos processos para diminuir o adoecimento, especialmente os decorrentes de ass\u00e9dio em raz\u00e3o das metas\u201d, observou a coordenadora da CEE. \u201cEstamos cobrando todas as reivindica\u00e7\u00f5es tiradas durante nosso \u00faltimo Conecef (Congresso Nacional dos Empregados da Caixa), que j\u00e1 haviam sido encaminhadas no ano passado, mas foram menosprezadas pela antiga gest\u00e3o. Temos que avan\u00e7ar, com as negocia\u00e7\u00f5es\u201d, completou.<\/p>\n<p><strong>Fonte: Contraf-CUT<\/strong><\/p>\n","protected":false},"excerpt":{"rendered":"<p>Uma comitiva formada por membros da Comiss\u00e3o Executiva dos Empregados (CEE) da Caixa Econ\u00f4mica Federal vai \u00e0 Bras\u00edlia, nesta ter\u00e7a-feira (13), para realizar uma visita institucional \u00e0 Universidade Corporativa Caixa e pedir a amplia\u00e7\u00e3o da oferta de cursos e programas de forma\u00e7\u00e3o e o fortalecimento da institui\u00e7\u00e3o. \u201cA Universidade Caixa deve n\u00e3o apenas disponibilizar os [&hellip;]<\/p>\n","protected":false},"author":2,"featured_media":14179,"comment_status":"","ping_status":"","sticky":false,"template":"","format":"standard","meta":{"footnotes":""},"categories":[3],"tags":[],"class_list":["post-14180","post","type-post","status-publish","format-standard","has-post-thumbnail","hentry","category-noticias"],"_links":{"self":[{"href":"https:\/\/hostnetart.com.br\/baixada\/wp-json\/wp\/v2\/posts\/14180","targetHints":{"allow":["GET"]}}],"collection":[{"href":"https:\/\/hostnetart.com.br\/baixada\/wp-json\/wp\/v2\/posts"}],"about":[{"href":"https:\/\/hostnetart.com.br\/baixada\/wp-json\/wp\/v2\/types\/post"}],"author":[{"embeddable":true,"href":"https:\/\/hostnetart.com.br\/baixada\/wp-json\/wp\/v2\/users\/2"}],"replies":[{"embeddable":true,"href":"https:\/\/hostnetart.com.br\/baixada\/wp-json\/wp\/v2\/comments?post=14180"}],"version-history":[{"count":0,"href":"https:\/\/hostnetart.com.br\/baixada\/wp-json\/wp\/v2\/posts\/14180\/revisions"}],"wp:featuredmedia":[{"embeddable":true,"href":"https:\/\/hostnetart.com.br\/baixada\/wp-json\/wp\/v2\/media\/14179"}],"wp:attachment":[{"href":"https:\/\/hostnetart.com.br\/baixada\/wp-json\/wp\/v2\/media?parent=14180"}],"wp:term":[{"taxonomy":"category","embeddable":true,"href":"https:\/\/hostnetart.com.br\/baixada\/wp-json\/wp\/v2\/categories?post=14180"},{"taxonomy":"post_tag","embeddable":true,"href":"https:\/\/hostnetart.com.br\/baixada\/wp-json\/wp\/v2\/tags?post=14180"}],"curies":[{"name":"wp","href":"https:\/\/api.w.org\/{rel}","templated":true}]}}