{"id":14170,"date":"2023-06-09T16:15:47","date_gmt":"2023-06-09T19:15:47","guid":{"rendered":"https:\/\/hostnetart.com.br\/baixada\/financiarios-tem-reajuste-salarial-de-4-04-a-partir-de-junho\/"},"modified":"2023-06-09T16:15:47","modified_gmt":"2023-06-09T19:15:47","slug":"financiarios-tem-reajuste-salarial-de-4-04-a-partir-de-junho","status":"publish","type":"post","link":"https:\/\/hostnetart.com.br\/baixada\/financiarios-tem-reajuste-salarial-de-4-04-a-partir-de-junho\/","title":{"rendered":"Financi\u00e1rios t\u00eam reajuste salarial de 4,04% a partir de junho"},"content":{"rendered":"<p>Os financi\u00e1rios v\u00e3o receber um reajuste salarial de 4,04%, retroativo a 1 de junho. Esse aumento \u00e9 baseado no \u00cdndice Nacional de Pre\u00e7os ao Consumidor (INPC\/IBGE) acumulado nos \u00faltimos 12 meses, divulgado na \u00faltima quarta-feira (7), que apresentou uma varia\u00e7\u00e3o de 3,74%, mais o 0,3% como aumento real, conquistado na Conven\u00e7\u00e3o Coletiva de Trabalho (CCT 2022-2024), que possui validade de dois anos.<\/p>\n<p>\u201cO reajuste salarial e das verbas adicionais \u00e9 um tema de extrema import\u00e2ncia para os trabalhadores, pois busca corrigir os sal\u00e1rios de acordo com a infla\u00e7\u00e3o e, se poss\u00edvel, garantir um aumento real, que vai al\u00e9m da reposi\u00e7\u00e3o dos valores perdidos para manter o poder de compra\u201d, afirmou Jair Alves, coordenador da Comiss\u00e3o de Organiza\u00e7\u00e3o dos Financi\u00e1rios.<\/p>\n<p>O valor do reajuste \u00e9 calculado com base no INPC\/IBGE, que \u00e9 um \u00edndice que mede a varia\u00e7\u00e3o dos pre\u00e7os de um conjunto de produtos e servi\u00e7os consumidos pelas fam\u00edlias brasileiras com rendimentos de 1 a 5 sal\u00e1rios-m\u00ednimos. Nos \u00faltimos 12 meses, o INPC\/IBGE acumulou uma alta de 3,74%, refletindo o aumento nos custos de vida para os trabalhadores.<\/p>\n<p>O coordenador da Comiss\u00e3o apontou que esta \u00e9 mais uma vit\u00f3ria do acordo negociado pelos sindicatos. \u201cA CTT de dois anos \u00e9 um grande acerto. Ela assegurou dois aumentos reais para os trabalhadores de uma vez s\u00f3, garantindo um ajuste adequado \u00e0s condi\u00e7\u00f5es econ\u00f4micas do pa\u00eds\u201d.<\/p>\n<p><strong>Fonte: Contraf-CUT<\/strong><\/p>\n","protected":false},"excerpt":{"rendered":"<p>Os financi\u00e1rios v\u00e3o receber um reajuste salarial de 4,04%, retroativo a 1 de junho. Esse aumento \u00e9 baseado no \u00cdndice Nacional de Pre\u00e7os ao Consumidor (INPC\/IBGE) acumulado nos \u00faltimos 12 meses, divulgado na \u00faltima quarta-feira (7), que apresentou uma varia\u00e7\u00e3o de 3,74%, mais o 0,3% como aumento real, conquistado na Conven\u00e7\u00e3o Coletiva de Trabalho (CCT [&hellip;]<\/p>\n","protected":false},"author":2,"featured_media":14169,"comment_status":"","ping_status":"","sticky":false,"template":"","format":"standard","meta":{"footnotes":""},"categories":[3],"tags":[],"class_list":["post-14170","post","type-post","status-publish","format-standard","has-post-thumbnail","hentry","category-noticias"],"_links":{"self":[{"href":"https:\/\/hostnetart.com.br\/baixada\/wp-json\/wp\/v2\/posts\/14170","targetHints":{"allow":["GET"]}}],"collection":[{"href":"https:\/\/hostnetart.com.br\/baixada\/wp-json\/wp\/v2\/posts"}],"about":[{"href":"https:\/\/hostnetart.com.br\/baixada\/wp-json\/wp\/v2\/types\/post"}],"author":[{"embeddable":true,"href":"https:\/\/hostnetart.com.br\/baixada\/wp-json\/wp\/v2\/users\/2"}],"replies":[{"embeddable":true,"href":"https:\/\/hostnetart.com.br\/baixada\/wp-json\/wp\/v2\/comments?post=14170"}],"version-history":[{"count":0,"href":"https:\/\/hostnetart.com.br\/baixada\/wp-json\/wp\/v2\/posts\/14170\/revisions"}],"wp:featuredmedia":[{"embeddable":true,"href":"https:\/\/hostnetart.com.br\/baixada\/wp-json\/wp\/v2\/media\/14169"}],"wp:attachment":[{"href":"https:\/\/hostnetart.com.br\/baixada\/wp-json\/wp\/v2\/media?parent=14170"}],"wp:term":[{"taxonomy":"category","embeddable":true,"href":"https:\/\/hostnetart.com.br\/baixada\/wp-json\/wp\/v2\/categories?post=14170"},{"taxonomy":"post_tag","embeddable":true,"href":"https:\/\/hostnetart.com.br\/baixada\/wp-json\/wp\/v2\/tags?post=14170"}],"curies":[{"name":"wp","href":"https:\/\/api.w.org\/{rel}","templated":true}]}}