{"id":14168,"date":"2023-06-07T14:57:09","date_gmt":"2023-06-07T17:57:09","guid":{"rendered":"https:\/\/hostnetart.com.br\/baixada\/sindicato-dos-bancarios-da-baixada-fluminense-participa-de-curso-de-formacao-sobre-reforma-tributaria\/"},"modified":"2023-06-07T14:57:09","modified_gmt":"2023-06-07T17:57:09","slug":"sindicato-dos-bancarios-da-baixada-fluminense-participa-de-curso-de-formacao-sobre-reforma-tributaria","status":"publish","type":"post","link":"https:\/\/hostnetart.com.br\/baixada\/sindicato-dos-bancarios-da-baixada-fluminense-participa-de-curso-de-formacao-sobre-reforma-tributaria\/","title":{"rendered":"Sindicato dos Banc\u00e1rios da Baixada Fluminense participa de Curso de Forma\u00e7\u00e3o sobre Reforma Tribut\u00e1ria"},"content":{"rendered":"<p>O Sindicato dos banc\u00e1rios da Baixada Fluminense participou\u00a0do segundo m\u00f3dulo do Curso de Forma\u00e7\u00e3o sobre Reforma Tribut\u00e1ria, promovido pela Secretaria de Forma\u00e7\u00e3o da Confedera\u00e7\u00e3o Nacional dos Trabalhadores do Ramo Financeiro (Contraf-CUT), em parceria com o Departamento Intersindical de Estat\u00edstica e Estudos Socioecon\u00f4micos (<a href=\"https:\/\/www.dieese.org.br\/\" target=\"_blank\" rel=\"noopener noreferrer\">Dieese<\/a>) e o\u00a0<a href=\"https:\/\/ijf.org.br\/tributar-os-super-ricos\/\" target=\"_blank\" rel=\"noopener noreferrer\">Instituto Justi\u00e7a Fiscal<\/a> (IJF), no \u00faltimo dia 6 de junho.<\/p>\n<p>Claudio Leite Leal, Elizabeth Paradela, Leandro Aresta, Newton Fran\u00e7a e Renata Soeiro representaram a entidade.<\/p>\n<p>O curso traz informa\u00e7\u00f5es sobre os projetos em tramita\u00e7\u00e3o no Congresso Nacional e as propostas alternativas, que prop\u00f5em formas progressivas de tributa\u00e7\u00e3o, para que quem ganha mais pague mais e quem ganha menos pague menos, al\u00e9m de mudar a prioridade da base de tributa\u00e7\u00e3o (de onde o imposto \u00e9 cobrado).<\/p>\n<p>A inten\u00e7\u00e3o deste segundo m\u00f3dulo do curso \u00e9 expandir os horizontes do debate que est\u00e1 sendo colocado pela m\u00eddia tradicional, analistas de mercado e por deputados e senadores da ala conservadora de direita no Congresso Nacional.<\/p>\n","protected":false},"excerpt":{"rendered":"<p>O Sindicato dos banc\u00e1rios da Baixada Fluminense participou\u00a0do segundo m\u00f3dulo do Curso de Forma\u00e7\u00e3o sobre Reforma Tribut\u00e1ria, promovido pela Secretaria de Forma\u00e7\u00e3o da Confedera\u00e7\u00e3o Nacional dos Trabalhadores do Ramo Financeiro (Contraf-CUT), em parceria com o Departamento Intersindical de Estat\u00edstica e Estudos Socioecon\u00f4micos (Dieese) e o\u00a0Instituto Justi\u00e7a Fiscal (IJF), no \u00faltimo dia 6 de junho. Claudio [&hellip;]<\/p>\n","protected":false},"author":2,"featured_media":14167,"comment_status":"","ping_status":"","sticky":false,"template":"","format":"standard","meta":{"footnotes":""},"categories":[3],"tags":[],"class_list":["post-14168","post","type-post","status-publish","format-standard","has-post-thumbnail","hentry","category-noticias"],"_links":{"self":[{"href":"https:\/\/hostnetart.com.br\/baixada\/wp-json\/wp\/v2\/posts\/14168","targetHints":{"allow":["GET"]}}],"collection":[{"href":"https:\/\/hostnetart.com.br\/baixada\/wp-json\/wp\/v2\/posts"}],"about":[{"href":"https:\/\/hostnetart.com.br\/baixada\/wp-json\/wp\/v2\/types\/post"}],"author":[{"embeddable":true,"href":"https:\/\/hostnetart.com.br\/baixada\/wp-json\/wp\/v2\/users\/2"}],"replies":[{"embeddable":true,"href":"https:\/\/hostnetart.com.br\/baixada\/wp-json\/wp\/v2\/comments?post=14168"}],"version-history":[{"count":0,"href":"https:\/\/hostnetart.com.br\/baixada\/wp-json\/wp\/v2\/posts\/14168\/revisions"}],"wp:featuredmedia":[{"embeddable":true,"href":"https:\/\/hostnetart.com.br\/baixada\/wp-json\/wp\/v2\/media\/14167"}],"wp:attachment":[{"href":"https:\/\/hostnetart.com.br\/baixada\/wp-json\/wp\/v2\/media?parent=14168"}],"wp:term":[{"taxonomy":"category","embeddable":true,"href":"https:\/\/hostnetart.com.br\/baixada\/wp-json\/wp\/v2\/categories?post=14168"},{"taxonomy":"post_tag","embeddable":true,"href":"https:\/\/hostnetart.com.br\/baixada\/wp-json\/wp\/v2\/tags?post=14168"}],"curies":[{"name":"wp","href":"https:\/\/api.w.org\/{rel}","templated":true}]}}