{"id":14166,"date":"2023-06-07T14:40:14","date_gmt":"2023-06-07T17:40:14","guid":{"rendered":"https:\/\/hostnetart.com.br\/baixada\/inscricoes-para-a-25-conferencia-interestadual-da-fetraf-rj-es-estao-abertas\/"},"modified":"2023-06-07T14:40:14","modified_gmt":"2023-06-07T17:40:14","slug":"inscricoes-para-a-25-conferencia-interestadual-da-fetraf-rj-es-estao-abertas","status":"publish","type":"post","link":"https:\/\/hostnetart.com.br\/baixada\/inscricoes-para-a-25-conferencia-interestadual-da-fetraf-rj-es-estao-abertas\/","title":{"rendered":"Inscri\u00e7\u00f5es para a 25\u00aa Confer\u00eancia Interestadual da Fetraf RJ\/ES est\u00e3o abertas"},"content":{"rendered":"<p>As inscri\u00e7\u00f5es para a\u00a025\u00aa Confer\u00eancia Interestadual da\u00a0Federa\u00e7\u00e3o dos Trabalhadores do Ramo Financeiro dos Estados do Rio de Janeiro e Esp\u00edrito Santo (Fetraf RJ\/ES), que representa os Sindicatos dos Banc\u00e1rios de Angra dos Reis e Regi\u00e3o, Baixada Fluminense, Esp\u00edrito Santo, Itaperuna e Regi\u00e3o, Maca\u00e9 e Regi\u00e3o, Nova Friburgo e Regi\u00e3o e Tr\u00eas Rios e Regi\u00e3o, est\u00e3o abertas.<\/p>\n<p>Para se inscreverem, as banc\u00e1rias e banc\u00e1rios da Baixada Fluminense dever\u00e3o entrar em contato com o Diretor Claudio Leite Leal, pelo telefone: (21) 97513-1394.<\/p>\n<p>As inscri\u00e7\u00f5es ir\u00e3o at\u00e9 dia 3 de julho.<\/p>\n<p>A 25\u00aa Confer\u00eancia Interestadual da Fetraf RJ\/ES ocorrer\u00e1 em Maca\u00e9, no dia 8 de julho, e servir\u00e1 para encaminhar e definir estrat\u00e9gias da Campanha Nacional dos Banc\u00e1rios de 2023.<\/p>\n<p>\u00a0<\/p>\n","protected":false},"excerpt":{"rendered":"<p>As inscri\u00e7\u00f5es para a\u00a025\u00aa Confer\u00eancia Interestadual da\u00a0Federa\u00e7\u00e3o dos Trabalhadores do Ramo Financeiro dos Estados do Rio de Janeiro e Esp\u00edrito Santo (Fetraf RJ\/ES), que representa os Sindicatos dos Banc\u00e1rios de Angra dos Reis e Regi\u00e3o, Baixada Fluminense, Esp\u00edrito Santo, Itaperuna e Regi\u00e3o, Maca\u00e9 e Regi\u00e3o, Nova Friburgo e Regi\u00e3o e Tr\u00eas Rios e Regi\u00e3o, est\u00e3o [&hellip;]<\/p>\n","protected":false},"author":2,"featured_media":14165,"comment_status":"","ping_status":"","sticky":false,"template":"","format":"standard","meta":{"footnotes":""},"categories":[3],"tags":[],"class_list":["post-14166","post","type-post","status-publish","format-standard","has-post-thumbnail","hentry","category-noticias"],"_links":{"self":[{"href":"https:\/\/hostnetart.com.br\/baixada\/wp-json\/wp\/v2\/posts\/14166","targetHints":{"allow":["GET"]}}],"collection":[{"href":"https:\/\/hostnetart.com.br\/baixada\/wp-json\/wp\/v2\/posts"}],"about":[{"href":"https:\/\/hostnetart.com.br\/baixada\/wp-json\/wp\/v2\/types\/post"}],"author":[{"embeddable":true,"href":"https:\/\/hostnetart.com.br\/baixada\/wp-json\/wp\/v2\/users\/2"}],"replies":[{"embeddable":true,"href":"https:\/\/hostnetart.com.br\/baixada\/wp-json\/wp\/v2\/comments?post=14166"}],"version-history":[{"count":0,"href":"https:\/\/hostnetart.com.br\/baixada\/wp-json\/wp\/v2\/posts\/14166\/revisions"}],"wp:featuredmedia":[{"embeddable":true,"href":"https:\/\/hostnetart.com.br\/baixada\/wp-json\/wp\/v2\/media\/14165"}],"wp:attachment":[{"href":"https:\/\/hostnetart.com.br\/baixada\/wp-json\/wp\/v2\/media?parent=14166"}],"wp:term":[{"taxonomy":"category","embeddable":true,"href":"https:\/\/hostnetart.com.br\/baixada\/wp-json\/wp\/v2\/categories?post=14166"},{"taxonomy":"post_tag","embeddable":true,"href":"https:\/\/hostnetart.com.br\/baixada\/wp-json\/wp\/v2\/tags?post=14166"}],"curies":[{"name":"wp","href":"https:\/\/api.w.org\/{rel}","templated":true}]}}