{"id":14164,"date":"2023-06-07T12:42:50","date_gmt":"2023-06-07T15:42:50","guid":{"rendered":"https:\/\/hostnetart.com.br\/baixada\/coe-e-gt-de-saude-do-itau-se-reunem-para-debater-problemas-do-banco\/"},"modified":"2023-06-07T12:42:50","modified_gmt":"2023-06-07T15:42:50","slug":"coe-e-gt-de-saude-do-itau-se-reunem-para-debater-problemas-do-banco","status":"publish","type":"post","link":"https:\/\/hostnetart.com.br\/baixada\/coe-e-gt-de-saude-do-itau-se-reunem-para-debater-problemas-do-banco\/","title":{"rendered":"COE e GT de Sa\u00fade do Ita\u00fa se re\u00fanem para debater problemas do banco"},"content":{"rendered":"<p>Os membros titulares da Comiss\u00e3o de Organiza\u00e7\u00e3o dos Funcion\u00e1rios (COE) e Grupo de Trabalho de Sa\u00fade (GT Sa\u00fade) do Banco Ita\u00fa-Unibanco se reuniu na tarde desta ter\u00e7a-feira (6), uma reuni\u00e3o on-line para se preparem para reuni\u00e3o com a dire\u00e7\u00e3o do banco, no dia 14 de junho.<\/p>\n<p>A COE e o GT Ita\u00fa se re\u00fanem com a dire\u00e7\u00e3o do banco no dia 14 de junho.\u00a0 Na parte da manh\u00e3, o GT de sa\u00fade ir\u00e1 cobrar o cumprimento da cl\u00e1usula 87 da Conven\u00e7\u00e3o Coletiva de Trabalho (CCT), negociada na Campanha Nacional de 2022, que prev\u00ea o debate sobre as formas de acompanhamento na primeira reuni\u00e3o de 2023, entre as comiss\u00f5es de trabalhadores e os bancos.<\/p>\n<p>Na parte da tarde, a COE vai debater emprego, fechamento de ag\u00eancias, hor\u00e1rio de abertura das ag\u00eancias, avalia\u00e7\u00e3o semestral de desempenho e Programas Pr\u00f3prios de Remunera\u00e7\u00e3o.<\/p>\n<p>\u201cTeremos a oportunidade de nos encontrarmos com a dire\u00e7\u00e3o do banco, e estamos certos de cobrar o cumprimento da cl\u00e1usula 87 da Conven\u00e7\u00e3o Coletiva de Trabalho (CCT). O GT de sa\u00fade enfatizar\u00e1 a import\u00e2ncia desse di\u00e1logo e buscar\u00e1 garantir condi\u00e7\u00f5es adequadas de sa\u00fade e seguran\u00e7a para todos os funcion\u00e1rios\u201d, afirmou Jair Alves, coordenador da COE Ita\u00fa.<\/p>\n<p>A reuni\u00e3o come\u00e7ou com uma apresenta\u00e7\u00e3o da economista do Departamento Intersindical de Estat\u00edstica e Estudos Socioecon\u00f4micos (Dieese), Catia Uehara, sobre o balan\u00e7o do primeiro trimestre de 2023. \u201cEssa an\u00e1lise nos oferece informa\u00e7\u00f5es valiosas para embasar nossas discuss\u00f5es e reivindica\u00e7\u00f5es. Estamos prontos para dialogar com a dire\u00e7\u00e3o do banco e trabalhar em prol de melhores condi\u00e7\u00f5es de trabalho, seguran\u00e7a, emprego e remunera\u00e7\u00e3o justa. Unidos, somos mais fortes e faremos a diferen\u00e7a\u201d, completou Jair Alves.<\/p>\n<p><strong>Fonte: Contraf-CUT<\/strong><\/p>\n","protected":false},"excerpt":{"rendered":"<p>Os membros titulares da Comiss\u00e3o de Organiza\u00e7\u00e3o dos Funcion\u00e1rios (COE) e Grupo de Trabalho de Sa\u00fade (GT Sa\u00fade) do Banco Ita\u00fa-Unibanco se reuniu na tarde desta ter\u00e7a-feira (6), uma reuni\u00e3o on-line para se preparem para reuni\u00e3o com a dire\u00e7\u00e3o do banco, no dia 14 de junho. A COE e o GT Ita\u00fa se re\u00fanem com [&hellip;]<\/p>\n","protected":false},"author":2,"featured_media":14163,"comment_status":"","ping_status":"","sticky":false,"template":"","format":"standard","meta":{"footnotes":""},"categories":[3],"tags":[],"class_list":["post-14164","post","type-post","status-publish","format-standard","has-post-thumbnail","hentry","category-noticias"],"_links":{"self":[{"href":"https:\/\/hostnetart.com.br\/baixada\/wp-json\/wp\/v2\/posts\/14164","targetHints":{"allow":["GET"]}}],"collection":[{"href":"https:\/\/hostnetart.com.br\/baixada\/wp-json\/wp\/v2\/posts"}],"about":[{"href":"https:\/\/hostnetart.com.br\/baixada\/wp-json\/wp\/v2\/types\/post"}],"author":[{"embeddable":true,"href":"https:\/\/hostnetart.com.br\/baixada\/wp-json\/wp\/v2\/users\/2"}],"replies":[{"embeddable":true,"href":"https:\/\/hostnetart.com.br\/baixada\/wp-json\/wp\/v2\/comments?post=14164"}],"version-history":[{"count":0,"href":"https:\/\/hostnetart.com.br\/baixada\/wp-json\/wp\/v2\/posts\/14164\/revisions"}],"wp:featuredmedia":[{"embeddable":true,"href":"https:\/\/hostnetart.com.br\/baixada\/wp-json\/wp\/v2\/media\/14163"}],"wp:attachment":[{"href":"https:\/\/hostnetart.com.br\/baixada\/wp-json\/wp\/v2\/media?parent=14164"}],"wp:term":[{"taxonomy":"category","embeddable":true,"href":"https:\/\/hostnetart.com.br\/baixada\/wp-json\/wp\/v2\/categories?post=14164"},{"taxonomy":"post_tag","embeddable":true,"href":"https:\/\/hostnetart.com.br\/baixada\/wp-json\/wp\/v2\/tags?post=14164"}],"curies":[{"name":"wp","href":"https:\/\/api.w.org\/{rel}","templated":true}]}}