{"id":14162,"date":"2023-06-07T12:24:00","date_gmt":"2023-06-07T15:24:00","guid":{"rendered":"https:\/\/hostnetart.com.br\/baixada\/reforma-tributaria-vai-entrar-em-pauta-no-congresso\/"},"modified":"2023-06-07T12:24:00","modified_gmt":"2023-06-07T15:24:00","slug":"reforma-tributaria-vai-entrar-em-pauta-no-congresso","status":"publish","type":"post","link":"https:\/\/hostnetart.com.br\/baixada\/reforma-tributaria-vai-entrar-em-pauta-no-congresso\/","title":{"rendered":"Reforma tribut\u00e1ria vai entrar em pauta no Congresso"},"content":{"rendered":"<p>O grupo de trabalho (GT) criado na C\u00e2mara dos Deputados para discutir o sistema tribut\u00e1rio brasileiro deve apresentar, nesta ter\u00e7a-feira (6), um relat\u00f3rio, que n\u00e3o incluir\u00e1 o texto da Proposta de Emenda \u00e0 Constitui\u00e7\u00e3o (PEC), mas ter\u00e1 um resumo das atividades do GT (audi\u00eancias p\u00fablicas em Bras\u00edlia e audi\u00eancias externas). O texto tamb\u00e9m trar\u00e1 um diagn\u00f3stico dos problemas do sistema tribut\u00e1rio, focado na tributa\u00e7\u00e3o sobre o consumo, e um conjunto de ideias (sem maiores detalhamentos) que s\u00e3o consenso entre os parlamentares que comp\u00f5em o grupo.<\/p>\n<p>A apresenta\u00e7\u00e3o do texto da PEC pelo GT, que tem o deputado federal Reginaldo Lopes (PT\/MG) como coordenador e o deputado Aguinaldo Ribeiro (PP\/PA) como relator, ser\u00e1 feita diretamente no plen\u00e1rio da C\u00e2mara dos Deputados, mas ainda n\u00e3o h\u00e1 data definida para que isso seja feito. A meta \u00e9 que a vota\u00e7\u00e3o na C\u00e2mara dos Deputados (em dois turnos) aconte\u00e7a antes do recesso parlamentar, que come\u00e7a no dia 17 de julho.<\/p>\n<h3><strong>O que est\u00e1 na pauta<\/strong><\/h3>\n<p>O Congresso est\u00e1\u00a0<a href=\"https:\/\/www.camara.leg.br\/internet\/agencia\/infograficos-html5\/reforma-tributaria-o-que-esta-em-discussao\/index.html\" target=\"_blank\" rel=\"noopener noreferrer\">debatendo sobre duas PECs<\/a>\u00a0(PEC 110\/2019 e PEC 45\/2019). Segundo\u00a0<a href=\"https:\/\/www2.camara.leg.br\/atividade-legislativa\/estudos-e-notas-tecnicas\/fiquePorDentro\/temas\/sistema-tributario-nacional-jun-2019\/reforma-tributaria-comparativo-das-pecs-em-tramitacao-2019\" target=\"_blank\" rel=\"noopener noreferrer\">an\u00e1lise da consultoria<\/a>\u00a0legislativa, de tributa\u00e7\u00e3o e de direito tribut\u00e1rio da C\u00e2mara, ambas as proposi\u00e7\u00f5es t\u00eam como principal objetivo a simplifica\u00e7\u00e3o e a racionaliza\u00e7\u00e3o da tributa\u00e7\u00e3o sobre a produ\u00e7\u00e3o e a comercializa\u00e7\u00e3o de bens e servi\u00e7os. Para isso, prop\u00f5em a extin\u00e7\u00e3o de uma s\u00e9rie de tributos, consolidando as bases tribut\u00e1veis em dois novos impostos: um imposto sobre bens e servi\u00e7os (IBS), nos moldes dos impostos sobre valor agregado cobrados na maioria dos pa\u00edses desenvolvidos; e um imposto espec\u00edfico sobre alguns bens e servi\u00e7os (Imposto Seletivo), assemelhado aos\u00a0<em>excise taxes<\/em>, que visam desestimular certos comportamentos, como a ingest\u00e3o de alimentos gordurosos, ou ricos em a\u00e7\u00facar, que s\u00e3o prejudiciais \u00e0 sa\u00fade e geram um custo social alto.<\/p>\n<p>Mas, para o secret\u00e1rio de Rela\u00e7\u00f5es do Trabalho e respons\u00e1vel da Confedera\u00e7\u00e3o Nacional dos Trabalhadores do Ramo Financeiro (Contraf-CUT) pelo acompanhamento das pautas de interesse da classe trabalhadora no Congresso Nacional, Jeferson Meira, o Jef\u00e3o, para que houvesse uma redu\u00e7\u00e3o da desigualdade social e econ\u00f4mica no pa\u00eds, seria preciso mudar a prioridade de tributa\u00e7\u00e3o. \u201cAo inv\u00e9s de termos o consumo como principal fonte de arrecada\u00e7\u00e3o, era preciso isentar quem ganha menos, algo em torno de R$ 5 mil, e aumentar as al\u00edquotas sobre a renda de quem ganha valores absurdos. Al\u00e9m de tributar a riqueza\u201d, explicou. \u201cMas, este debate n\u00e3o est\u00e1 sendo colocado pelas duas PECs que o GT discute. As altera\u00e7\u00f5es na tributa\u00e7\u00e3o de renda (tal como o fim da isen\u00e7\u00e3o na distribui\u00e7\u00e3o de lucros e dividendos e o fim da dedu\u00e7\u00e3o sobre juros de capital pr\u00f3prio) e patrim\u00f4nio (tal como altera\u00e7\u00e3o das al\u00edquotas de heran\u00e7a e ITR \u2013 Imposto Territorial Rural) s\u00e3o mat\u00e9rias de lei ordin\u00e1ria\u201d, completou.<\/p>\n<h3><strong>Propostas alternativas<\/strong><\/h3>\n<p>Altera\u00e7\u00f5es como as mencionadas por Jef\u00e3o fazem parte de propostas alternativas, como as da\u00a0<a href=\"https:\/\/plataformapoliticasocial.com.br\/wp-content\/uploads\/2018\/05\/REFORMA-TRIBUTARIA-SOLIDARIA.pdf\" target=\"_blank\" rel=\"noopener noreferrer\">Plataforma Pol\u00edtica Social<\/a>\u00a0e da\u00a0<a href=\"https:\/\/ijf.org.br\/projetos-de-lei-protocolados-na-camara-dos-deputados\/\" target=\"_blank\" rel=\"noopener noreferrer\">Campanha Tributar os Super-Ricos<\/a>. \u201c\u00c9 importante deixar claro que existem estas propostas alternativas\u201d, disse Jef\u00e3o, ao lembrar que o governo, que tem a reforma tribut\u00e1ria como prioridade, havia sinalizado que esta se daria em dois tempos e seria o segundo que trataria da tributa\u00e7\u00e3o sobre renda e patrim\u00f4nio.<\/p>\n<p>\u201cMas, quem \u00e9 o protagonista deste debate \u00e9 o Congresso Nacional, que tem um perfil totalmente diferente do governo. Por isso, se a gente quiser que a reforma traga melhorias para os mais pobres, temos que nos apropriar do conte\u00fado em debate e exercer press\u00e3o sobre os deputados e senadores em suas bases de atua\u00e7\u00e3o\u201d, disse o dirigente da Contraf-CUT, lembrando que na pr\u00f3xima quarta-feira (7) acontece o segundo m\u00f3dulo do\u00a0<a href=\"https:\/\/contrafcut.com.br\/noticias\/curso-ajudara-a-entender-diferentes-propostas-de-reforma-tributaria\" target=\"_blank\" rel=\"noopener noreferrer\">curso sobre reforma tribut\u00e1ria<\/a>, que \u00e9 promovido pela Contraf-CUT, em parceria com o Departamento Intersindical de Estat\u00edstica e Estudos Socioecon\u00f4micos (<a href=\"https:\/\/www.dieese.org.br\/\" target=\"_blank\" rel=\"noopener noreferrer\">Dieese<\/a>) e o\u00a0<a href=\"https:\/\/ijf.org.br\/tributar-os-super-ricos\/\" target=\"_blank\" rel=\"noopener noreferrer\">Instituto Justi\u00e7a Fiscal<\/a>\u00a0(IJF).<\/p>\n<p>O secret\u00e1rio de Assuntos Socioecon\u00f4micos da Contraf-CUT, Walcir Previtale, ressalta que \u00e9 importante que todos saibam que o pagamento de impostos \u00e9 necess\u00e1rio para que o Estado cumpra sua obriga\u00e7\u00e3o de oferecer servi\u00e7os essenciais para a popula\u00e7\u00e3o, como educa\u00e7\u00e3o, sa\u00fade, moradia, transporte, ilumina\u00e7\u00e3o p\u00fablica, estradas e tantos outros. \u201cMas, existem muitos interesses neste debate. Os poderosos e super-ricos de nosso pa\u00eds pagam proporcionalmente menos impostos do que os mais pobres e fazem de tudo para que esta reforma n\u00e3o mude nada. Se nada mudar, os pobres v\u00e3o continuar pagando mais impostos e estes poderosos e super-ricos v\u00e3o continuar com suas isen\u00e7\u00f5es e dedu\u00e7\u00f5es de impostos\u201d, disse, lembrando da isen\u00e7\u00e3o concedida aos dividendos distribu\u00eddos a s\u00f3cios de empresas e das dedu\u00e7\u00f5es sobre juros de capital pr\u00f3prio (JCP), concedidas a empresas que recebem \u201cinvestimos produtivos\u201d do exterior.<\/p>\n<p>Walcir lembrou, contudo, que o governo Lula j\u00e1 editou uma Medida Provis\u00f3ria (<a href=\"https:\/\/www.congressonacional.leg.br\/materias\/medidas-provisorias\/-\/mpv\/157178\" target=\"_blank\" rel=\"noopener noreferrer\">MPV 1.171\/2023<\/a>), que amplia o limite de isen\u00e7\u00e3o do Imposto de Renda das Pessoas F\u00edsicas para dois sal\u00e1rios, e disp\u00f5e sobre a tributa\u00e7\u00e3o da renda auferida por pessoas f\u00edsicas residentes no pa\u00eds em aplica\u00e7\u00f5es financeiras, entidades controladas e\u00a0<em>trusts<\/em>\u00a0no exterior, que tem vig\u00eancia por 60 dias (prorrog\u00e1vel por mais 60) e que este prazo conta a partir de sua publica\u00e7\u00e3o, no dia 30 de abril.<\/p>\n<p><strong>Fonte: Contraf-CUT<\/strong><\/p>\n","protected":false},"excerpt":{"rendered":"<p>O grupo de trabalho (GT) criado na C\u00e2mara dos Deputados para discutir o sistema tribut\u00e1rio brasileiro deve apresentar, nesta ter\u00e7a-feira (6), um relat\u00f3rio, que n\u00e3o incluir\u00e1 o texto da Proposta de Emenda \u00e0 Constitui\u00e7\u00e3o (PEC), mas ter\u00e1 um resumo das atividades do GT (audi\u00eancias p\u00fablicas em Bras\u00edlia e audi\u00eancias externas). O texto tamb\u00e9m trar\u00e1 um [&hellip;]<\/p>\n","protected":false},"author":2,"featured_media":14161,"comment_status":"","ping_status":"","sticky":false,"template":"","format":"standard","meta":{"footnotes":""},"categories":[3],"tags":[],"class_list":["post-14162","post","type-post","status-publish","format-standard","has-post-thumbnail","hentry","category-noticias"],"_links":{"self":[{"href":"https:\/\/hostnetart.com.br\/baixada\/wp-json\/wp\/v2\/posts\/14162","targetHints":{"allow":["GET"]}}],"collection":[{"href":"https:\/\/hostnetart.com.br\/baixada\/wp-json\/wp\/v2\/posts"}],"about":[{"href":"https:\/\/hostnetart.com.br\/baixada\/wp-json\/wp\/v2\/types\/post"}],"author":[{"embeddable":true,"href":"https:\/\/hostnetart.com.br\/baixada\/wp-json\/wp\/v2\/users\/2"}],"replies":[{"embeddable":true,"href":"https:\/\/hostnetart.com.br\/baixada\/wp-json\/wp\/v2\/comments?post=14162"}],"version-history":[{"count":0,"href":"https:\/\/hostnetart.com.br\/baixada\/wp-json\/wp\/v2\/posts\/14162\/revisions"}],"wp:featuredmedia":[{"embeddable":true,"href":"https:\/\/hostnetart.com.br\/baixada\/wp-json\/wp\/v2\/media\/14161"}],"wp:attachment":[{"href":"https:\/\/hostnetart.com.br\/baixada\/wp-json\/wp\/v2\/media?parent=14162"}],"wp:term":[{"taxonomy":"category","embeddable":true,"href":"https:\/\/hostnetart.com.br\/baixada\/wp-json\/wp\/v2\/categories?post=14162"},{"taxonomy":"post_tag","embeddable":true,"href":"https:\/\/hostnetart.com.br\/baixada\/wp-json\/wp\/v2\/tags?post=14162"}],"curies":[{"name":"wp","href":"https:\/\/api.w.org\/{rel}","templated":true}]}}