{"id":14160,"date":"2023-06-06T17:04:10","date_gmt":"2023-06-06T20:04:10","guid":{"rendered":"https:\/\/hostnetart.com.br\/baixada\/sindicato-dos-bancarios-da-baixada-fluminense-protesta-por-mais-agencias-mais-bancarios-e-mais-seguranca-no-santander\/"},"modified":"2023-06-06T17:04:10","modified_gmt":"2023-06-06T20:04:10","slug":"sindicato-dos-bancarios-da-baixada-fluminense-protesta-por-mais-agencias-mais-bancarios-e-mais-seguranca-no-santander","status":"publish","type":"post","link":"https:\/\/hostnetart.com.br\/baixada\/sindicato-dos-bancarios-da-baixada-fluminense-protesta-por-mais-agencias-mais-bancarios-e-mais-seguranca-no-santander\/","title":{"rendered":"Sindicato dos Banc\u00e1rios da Baixada Fluminense protesta por &#8220;Mais Ag\u00eancias, Mais Banc\u00e1rios e Mais Seguran\u00e7a&#8221; no Santander"},"content":{"rendered":"<p>Nesta ter\u00e7a-feira, 6 de junho, o Sindicato dos Banc\u00e1rios da Baixada Fluminense fez um ato na ag\u00eancia B25 0226 do Banco Santander, localizada na Avenida Brigadeiro Lima e Silva, em Duque de Caxias, no Dia Nacional de Luta por Mais Ag\u00eancias, Mais Banc\u00e1rios e Mais Seguran\u00e7a.<\/p>\n<p>Os dirigentes sindicais distribu\u00edram jornais espec\u00edficos produzidos pelo Movimento Sindical Banc\u00e1rio, para as funcion\u00e1rias e funcion\u00e1rios. Al\u00e9m da cartilha sobre ass\u00e9dio moral.<\/p>\n<p>Na ag\u00eancia 3306 do Santander, em S\u00e3o Jo\u00e3o de Meriti, eles tamb\u00e9m foram distribu\u00eddos pela Diretora Solange Ribeiro. A ag\u00eancia ter\u00e1 suas atividades encerradas no pr\u00f3ximo dia 26 de junho.<\/p>\n<p>Em todo o pa\u00eds houveram manifesta\u00e7\u00f5es.<\/p>\n<p>O protesto ocorreu devido \u00e0s in\u00fameras fus\u00f5es e fechamentos de ag\u00eancias que o banco vem promovendo, abrindo as chamadas \u201clojas\u201d, com novo modelo de atendimento sem caixa, gerente operacional, vigilante e porta de seguran\u00e7a.<\/p>\n<p>Foram in\u00fameras den\u00fancias de sobrecarga de trabalho nas ag\u00eancias que passaram por fus\u00e3o, pelo n\u00famero reduzido de banc\u00e1rios (em m\u00e9dia 4 por unidade), pelo maior n\u00edvel de press\u00e3o por resultados e consequente adoecimento e pelo crescente volume de desligamentos no banco.<\/p>\n<p>As mobiliza\u00e7\u00f5es tamb\u00e9m ocorreram no ambiente on-line. No Twitter, a hashtag #SeLigaSantander ficou entre os assuntos mais comentados.<\/p>\n<p><b>IMPORTANTE<\/b><\/p>\n<p>\u00c9 fundamental que banc\u00e1rias e banc\u00e1rios, logo que sejam informados de suas demiss\u00f5es, procurem imediatamente atendimento no Sindicato.<\/p>\n<p><i>*Confira mais fotos em nossas redes sociais<\/i><\/p>\n","protected":false},"excerpt":{"rendered":"<p>Nesta ter\u00e7a-feira, 6 de junho, o Sindicato dos Banc\u00e1rios da Baixada Fluminense fez um ato na ag\u00eancia B25 0226 do Banco Santander, localizada na Avenida Brigadeiro Lima e Silva, em Duque de Caxias, no Dia Nacional de Luta por Mais Ag\u00eancias, Mais Banc\u00e1rios e Mais Seguran\u00e7a. Os dirigentes sindicais distribu\u00edram jornais espec\u00edficos produzidos pelo Movimento [&hellip;]<\/p>\n","protected":false},"author":2,"featured_media":14159,"comment_status":"","ping_status":"","sticky":false,"template":"","format":"standard","meta":{"footnotes":""},"categories":[3],"tags":[],"class_list":["post-14160","post","type-post","status-publish","format-standard","has-post-thumbnail","hentry","category-noticias"],"_links":{"self":[{"href":"https:\/\/hostnetart.com.br\/baixada\/wp-json\/wp\/v2\/posts\/14160","targetHints":{"allow":["GET"]}}],"collection":[{"href":"https:\/\/hostnetart.com.br\/baixada\/wp-json\/wp\/v2\/posts"}],"about":[{"href":"https:\/\/hostnetart.com.br\/baixada\/wp-json\/wp\/v2\/types\/post"}],"author":[{"embeddable":true,"href":"https:\/\/hostnetart.com.br\/baixada\/wp-json\/wp\/v2\/users\/2"}],"replies":[{"embeddable":true,"href":"https:\/\/hostnetart.com.br\/baixada\/wp-json\/wp\/v2\/comments?post=14160"}],"version-history":[{"count":0,"href":"https:\/\/hostnetart.com.br\/baixada\/wp-json\/wp\/v2\/posts\/14160\/revisions"}],"wp:featuredmedia":[{"embeddable":true,"href":"https:\/\/hostnetart.com.br\/baixada\/wp-json\/wp\/v2\/media\/14159"}],"wp:attachment":[{"href":"https:\/\/hostnetart.com.br\/baixada\/wp-json\/wp\/v2\/media?parent=14160"}],"wp:term":[{"taxonomy":"category","embeddable":true,"href":"https:\/\/hostnetart.com.br\/baixada\/wp-json\/wp\/v2\/categories?post=14160"},{"taxonomy":"post_tag","embeddable":true,"href":"https:\/\/hostnetart.com.br\/baixada\/wp-json\/wp\/v2\/tags?post=14160"}],"curies":[{"name":"wp","href":"https:\/\/api.w.org\/{rel}","templated":true}]}}