{"id":14148,"date":"2023-06-02T16:32:19","date_gmt":"2023-06-02T19:32:19","guid":{"rendered":"https:\/\/hostnetart.com.br\/baixada\/congresso-aprova-pl-da-igualdade-salarial-entre-homens-e-mulheres\/"},"modified":"2023-06-02T16:32:19","modified_gmt":"2023-06-02T19:32:19","slug":"congresso-aprova-pl-da-igualdade-salarial-entre-homens-e-mulheres","status":"publish","type":"post","link":"https:\/\/hostnetart.com.br\/baixada\/congresso-aprova-pl-da-igualdade-salarial-entre-homens-e-mulheres\/","title":{"rendered":"Congresso aprova PL da igualdade salarial entre homens e mulheres"},"content":{"rendered":"<p>O Senado aprovou nesta quinta-feira (1\u00ba) o projeto de lei (PL) 1085\/23, que garante o pagamento de sal\u00e1rios iguais para homens e mulheres que exercem a mesma fun\u00e7\u00e3o. O texto tinha sido aprovado pela C\u00e2mara em 4 de maio. Agora segue para a san\u00e7\u00e3o presidencial.<\/p>\n<p>A norma valer\u00e1 para todos os funcion\u00e1rios que trabalham no modelo de contrato CLT e estabelece mecanismos de transpar\u00eancia e remunera\u00e7\u00e3o que dever\u00e3o ser seguidos pelas empresas.<\/p>\n<p>\u201cEssa \u00e9 uma grande conquista na batalha por direitos iguais. No Brasil, as mulheres recebem em m\u00e9dia 21% menos que os homens e, apesar de representarem 44% do total da for\u00e7a de trabalho no pa\u00eds, elas s\u00e3o a maioria entre os desempregados (55,5%)\u201d, destacou a secret\u00e1ria da Mulher da Confedera\u00e7\u00e3o Nacional dos Trabalhadores do Ramo Financeiro (Contraf-CUT), Fernanda Lopes, referindo-se a um relat\u00f3rio divulgado em mar\u00e7o pelo Departamento Intersindical de Estat\u00edstica e Estudos Socioecon\u00f4micos (Dieese), com base na Pesquisa Nacional por Amostra de Domic\u00edlio Cont\u00ednua (PnadC), realizada pelo Instituto Brasileiro de Geografia e Estat\u00edstica (IBGE), para o 3\u00ba trimestre de 2022.<\/p>\n<p>A reda\u00e7\u00e3o final do PL 1085\/23, aprovada no Senado, \u00e9 da deputada Jack Rocha (PT-ES). A iniciativa foi uma das promessas de campanha do presidente Luiz In\u00e1cio Lula da Silva (PT),\u00a0<a href=\"https:\/\/contrafcut.com.br\/noticias\/dia-internacional-da-mulher-pacote-do-governo-inclui-participacao-de-bancos-publicos-e-ratificacao-c190\/\" target=\"_blank\" rel=\"noopener noreferrer\">apresenta pelo governo em 8 de mar\u00e7o<\/a>, em celebra\u00e7\u00e3o ao Dia Internacional da Mulher.<\/p>\n<p>\u201cCom a aprova\u00e7\u00e3o desse projeto, avan\u00e7amos no combate \u00e0 desigualdade salarial o que implica tamb\u00e9m num importante passo no combate ao machismo que ainda impera em nossa sociedade\u201d, destacou o secret\u00e1rio de Rela\u00e7\u00f5es do Trabalho e respons\u00e1vel da Contraf-CUT pelo acompanhamento da pauta legislativa de interesse dos trabalhadores no Congresso Nacional, Jeferson Meira, o Jef\u00e3o.<\/p>\n<h3>Conven\u00e7\u00e3o 190 da OIT<\/h3>\n<p>A Comiss\u00e3o de Defesa dos Direitos da Mulher, na C\u00e2mara dos Deputados, realizar\u00e1 no dia 15 de junho uma audi\u00eancia p\u00fablica sobre a ratifica\u00e7\u00e3o da Conven\u00e7\u00e3o 190 (C190) da Organiza\u00e7\u00e3o Internacional do Trabalho (OIT), que\u00a0<a href=\"https:\/\/contrafcut.com.br\/noticias\/trabalhadoras-reforcam-necessidade-de-ratificacao-da-convencao-190\/\" target=\"_blank\" rel=\"noopener noreferrer\">trata do combate \u00e0 viol\u00eancia e ao ass\u00e9dio no mundo laboral<\/a>.<\/p>\n<p>\u201cAdotada em 2019, essa conven\u00e7\u00e3o \u00e9 a primeira que fornece uma defini\u00e7\u00e3o internacional de viol\u00eancia e ass\u00e9dio no trabalho, incluindo a quest\u00e3o de g\u00eanero\u201d, explicou Fernanda Lopes. \u201cTamb\u00e9m no dia 8 de mar\u00e7o, o governo Lula oficializou o envio ao Legislativo de proposta para que o Brasil ratifique a C190\u201d, lembrou a secret\u00e1ria da Mulher.<\/p>\n<p><strong>Fonte: Contraf-CUT<\/strong><\/p>\n","protected":false},"excerpt":{"rendered":"<p>O Senado aprovou nesta quinta-feira (1\u00ba) o projeto de lei (PL) 1085\/23, que garante o pagamento de sal\u00e1rios iguais para homens e mulheres que exercem a mesma fun\u00e7\u00e3o. O texto tinha sido aprovado pela C\u00e2mara em 4 de maio. Agora segue para a san\u00e7\u00e3o presidencial. A norma valer\u00e1 para todos os funcion\u00e1rios que trabalham no [&hellip;]<\/p>\n","protected":false},"author":2,"featured_media":14147,"comment_status":"","ping_status":"","sticky":false,"template":"","format":"standard","meta":{"footnotes":""},"categories":[3],"tags":[],"class_list":["post-14148","post","type-post","status-publish","format-standard","has-post-thumbnail","hentry","category-noticias"],"_links":{"self":[{"href":"https:\/\/hostnetart.com.br\/baixada\/wp-json\/wp\/v2\/posts\/14148","targetHints":{"allow":["GET"]}}],"collection":[{"href":"https:\/\/hostnetart.com.br\/baixada\/wp-json\/wp\/v2\/posts"}],"about":[{"href":"https:\/\/hostnetart.com.br\/baixada\/wp-json\/wp\/v2\/types\/post"}],"author":[{"embeddable":true,"href":"https:\/\/hostnetart.com.br\/baixada\/wp-json\/wp\/v2\/users\/2"}],"replies":[{"embeddable":true,"href":"https:\/\/hostnetart.com.br\/baixada\/wp-json\/wp\/v2\/comments?post=14148"}],"version-history":[{"count":0,"href":"https:\/\/hostnetart.com.br\/baixada\/wp-json\/wp\/v2\/posts\/14148\/revisions"}],"wp:featuredmedia":[{"embeddable":true,"href":"https:\/\/hostnetart.com.br\/baixada\/wp-json\/wp\/v2\/media\/14147"}],"wp:attachment":[{"href":"https:\/\/hostnetart.com.br\/baixada\/wp-json\/wp\/v2\/media?parent=14148"}],"wp:term":[{"taxonomy":"category","embeddable":true,"href":"https:\/\/hostnetart.com.br\/baixada\/wp-json\/wp\/v2\/categories?post=14148"},{"taxonomy":"post_tag","embeddable":true,"href":"https:\/\/hostnetart.com.br\/baixada\/wp-json\/wp\/v2\/tags?post=14148"}],"curies":[{"name":"wp","href":"https:\/\/api.w.org\/{rel}","templated":true}]}}