{"id":14146,"date":"2023-06-01T18:32:52","date_gmt":"2023-06-01T21:32:52","guid":{"rendered":"https:\/\/hostnetart.com.br\/baixada\/cee-estabelece-calendario-de-negociacoes-com-a-caixa\/"},"modified":"2023-06-01T18:32:52","modified_gmt":"2023-06-01T21:32:52","slug":"cee-estabelece-calendario-de-negociacoes-com-a-caixa","status":"publish","type":"post","link":"https:\/\/hostnetart.com.br\/baixada\/cee-estabelece-calendario-de-negociacoes-com-a-caixa\/","title":{"rendered":"CEE estabelece calend\u00e1rio de negocia\u00e7\u00f5es com a Caixa"},"content":{"rendered":"<p>A Comiss\u00e3o Executiva dos Empregados (CEE) da Caixa Econ\u00f4mica Federal definiu um calend\u00e1rio de reuni\u00f5es com o banco para negociar quest\u00f5es que afetam o dia a dia de trabalho nas unidades do banco e de respeito e valoriza\u00e7\u00e3o de empregadas e empregados. No dia 13 de junho, uma comitiva de representantes dos trabalhadores vai conhecer o funcionamento da <a href=\"https:\/\/universidade.caixa.gov.br\/\" target=\"_blank\" rel=\"noopener noreferrer\">Universidade Caixa<\/a>, e nos dias 16, 20 e 23 haver\u00e1 reuni\u00f5es sobre condi\u00e7\u00f5es de trabalho, promo\u00e7\u00e3o por m\u00e9rito e espec\u00edficas das fun\u00e7\u00f5es de caixa, tesoureiro e avaliador de penhor, respectivamente.<\/p>\n<p>\u201cAs negocia\u00e7\u00f5es deste ano ter\u00e3o o objetivo de solucionar problemas do cotidiano nas unidades, para melhorar as <a href=\"https:\/\/contrafcut.com.br\/noticias\/empregados-e-caixa-debatem-sobre-condicoes-de-trabalho\" target=\"_blank\" rel=\"noopener noreferrer\">condi\u00e7\u00f5es de trabalho<\/a> das empregadas e empregados da Caixa, al\u00e9m de quest\u00f5es espec\u00edficas envolvendo <a href=\"https:\/\/contrafcut.com.br\/noticias\/impactos-financeiros-ainda-sao-entraves-para-fim-da-funcao-por-minuto\" target=\"_blank\" rel=\"noopener noreferrer\">caixas, tesoureiros e avaliadores de penhor<\/a> e da <a href=\"https:\/\/contrafcut.com.br\/noticias\/entidades-cobram-definicoes-para-delta-de-2022\" target=\"_blank\" rel=\"noopener noreferrer\">promo\u00e7\u00e3o por m\u00e9rito<\/a>\u201d, disse a coordenadora da CEE, Fabiana Uehara Proscholdt, ao ressaltar que a Campanha Nacional dos Banc\u00e1rios de 2022 garantiu que, em setembro, a categoria ter\u00e1 aumento real nos sal\u00e1rios e demais verbas e, al\u00e9m disso, todos os direitos garantidos at\u00e9 agosto de 2024.<\/p>\n<p>\u201c\u00c9 importante aproveitarmos a agenda aberta por causa das conquistas j\u00e1 obtidas no ano passado para avan\u00e7armos nas negocia\u00e7\u00f5es das mesas permanentes. Por isso, criamos grupos de trabalho espec\u00edficos sobre os temas de maior interesse dos trabalhadores\u201d, explicou a coordenadora da CEE.<\/p>\n<h3><strong>Sa\u00fade Caixa<\/strong><\/h3>\n<p>Outro tema de negocia\u00e7\u00f5es para este ano \u00e9 o Sa\u00fade Caixa. Al\u00e9m das mesas de negocia\u00e7\u00f5es com o banco, a representa\u00e7\u00e3o dos empregados prop\u00f4s que as federa\u00e7\u00f5es e sindicatos <a href=\"https:\/\/contrafcut.com.br\/noticias\/base-vai-debater-sobre-problemas-do-saude-caixa\" target=\"_blank\" rel=\"noopener noreferrer\">debatam sobre o tema em suas bases<\/a> e, no dia 22 de julho, ser\u00e1 realizado um semin\u00e1rio nacional, por videoconfer\u00eancia, para aprofundar e sintetizar os debates realizados nas bases.<\/p>\n<h3><strong>Calend\u00e1rio de negocia\u00e7\u00f5es<\/strong><\/h3>\n<p><strong>13\/06 \u2013<\/strong> Visita \u00e0 Universidade Caixa, em Bras\u00edlia<br \/><strong>16\/06 \u2013<\/strong> GT Condi\u00e7\u00f5es de Trabalho<br \/><strong>20\/06 \u2013<\/strong> GT Promo\u00e7\u00e3o por M\u00e9rito<br \/><strong>23\/06 \u2013<\/strong> GT caixas\/tesoureiros\/avaliadores de penhor<\/p>\n<p><b>Fonte: Contraf-CUT<\/b><\/p>\n","protected":false},"excerpt":{"rendered":"<p>A Comiss\u00e3o Executiva dos Empregados (CEE) da Caixa Econ\u00f4mica Federal definiu um calend\u00e1rio de reuni\u00f5es com o banco para negociar quest\u00f5es que afetam o dia a dia de trabalho nas unidades do banco e de respeito e valoriza\u00e7\u00e3o de empregadas e empregados. No dia 13 de junho, uma comitiva de representantes dos trabalhadores vai conhecer [&hellip;]<\/p>\n","protected":false},"author":2,"featured_media":14145,"comment_status":"","ping_status":"","sticky":false,"template":"","format":"standard","meta":{"footnotes":""},"categories":[3],"tags":[],"class_list":["post-14146","post","type-post","status-publish","format-standard","has-post-thumbnail","hentry","category-noticias"],"_links":{"self":[{"href":"https:\/\/hostnetart.com.br\/baixada\/wp-json\/wp\/v2\/posts\/14146","targetHints":{"allow":["GET"]}}],"collection":[{"href":"https:\/\/hostnetart.com.br\/baixada\/wp-json\/wp\/v2\/posts"}],"about":[{"href":"https:\/\/hostnetart.com.br\/baixada\/wp-json\/wp\/v2\/types\/post"}],"author":[{"embeddable":true,"href":"https:\/\/hostnetart.com.br\/baixada\/wp-json\/wp\/v2\/users\/2"}],"replies":[{"embeddable":true,"href":"https:\/\/hostnetart.com.br\/baixada\/wp-json\/wp\/v2\/comments?post=14146"}],"version-history":[{"count":0,"href":"https:\/\/hostnetart.com.br\/baixada\/wp-json\/wp\/v2\/posts\/14146\/revisions"}],"wp:featuredmedia":[{"embeddable":true,"href":"https:\/\/hostnetart.com.br\/baixada\/wp-json\/wp\/v2\/media\/14145"}],"wp:attachment":[{"href":"https:\/\/hostnetart.com.br\/baixada\/wp-json\/wp\/v2\/media?parent=14146"}],"wp:term":[{"taxonomy":"category","embeddable":true,"href":"https:\/\/hostnetart.com.br\/baixada\/wp-json\/wp\/v2\/categories?post=14146"},{"taxonomy":"post_tag","embeddable":true,"href":"https:\/\/hostnetart.com.br\/baixada\/wp-json\/wp\/v2\/tags?post=14146"}],"curies":[{"name":"wp","href":"https:\/\/api.w.org\/{rel}","templated":true}]}}