{"id":14140,"date":"2023-05-31T16:17:11","date_gmt":"2023-05-31T19:17:11","guid":{"rendered":"https:\/\/hostnetart.com.br\/baixada\/campanha-menos-metas-mais-saude-quer-ouvir-os-trabalhadores\/"},"modified":"2023-05-31T16:17:11","modified_gmt":"2023-05-31T19:17:11","slug":"campanha-menos-metas-mais-saude-quer-ouvir-os-trabalhadores","status":"publish","type":"post","link":"https:\/\/hostnetart.com.br\/baixada\/campanha-menos-metas-mais-saude-quer-ouvir-os-trabalhadores\/","title":{"rendered":"Campanha Menos metas, mais sa\u00fade quer ouvir os trabalhadores"},"content":{"rendered":"<p>O Coletivo Nacional de Sa\u00fade da Confedera\u00e7\u00e3o Nacional dos Trabalhadores do Ramo Financeiro (Contraf-CUT) est\u00e1 empenhado em promover uma mudan\u00e7a significativa no ambiente de trabalho dos profissionais do setor financeiro. Atrav\u00e9s da campanha \u201cMenos Metas, Mais Sa\u00fade\u201d, a Contraf-CUT lan\u00e7ou a iniciativa #BoraConversar, com o objetivo de conscientizar sobre os impactos prejudiciais das metas abusivas e incentivar o di\u00e1logo sobre ass\u00e9dio moral no ambiente corporativo.<\/p>\n<p>\u201cA press\u00e3o por metas abusivas pode afetar negativamente a sa\u00fade f\u00edsica e mental dos trabalhadores. A Campanha Menos Metas, Mais Sa\u00fade busca sensibilizar a sociedade, mobilizar os trabalhadores, e cobrar atitude das empresas e dos \u00f3rg\u00e3os reguladores sobre a import\u00e2ncia de estabelecer pr\u00e1ticas mais saud\u00e1veis e equilibradas no ambiente de trabalho\u201d, explicou o secret\u00e1rio de Sa\u00fade da Contraf-CUT, Mauro Salles. \u201cA conscientiza\u00e7\u00e3o sobre os efeitos negativos das metas abusivas \u00e9 o primeiro passo para garantir a sa\u00fade e o bem-estar dos trabalhadores do ramo financeiro. Nossa miss\u00e3o \u00e9 construir um ambiente de trabalho mais saud\u00e1vel e equilibrado, onde as metas n\u00e3o sejam prejudiciais \u00e0 sa\u00fade dos profissionais\u201d, completou.<\/p>\n<p>O #BoraConversar incentiva os trabalhadores do ramo financeiro a compartilharem suas experi\u00eancias relacionadas ao ass\u00e9dio moral, seja sofrido diretamente ou presenciado no ambiente corporativo. Atrav\u00e9s do di\u00e1logo aberto e da busca por solu\u00e7\u00f5es, espera-se que seja poss\u00edvel promover um ambiente laboral mais humano e seguro.<\/p>\n<p>Os trabalhadores s\u00e3o encorajados a relatar casos de ass\u00e9dio moral, respeitando a confidencialidade e a privacidade das pessoas envolvidas. Compartilhar essas hist\u00f3rias contribui para a visibilidade do problema, encorajando outros a se manifestarem e ajudando a construir um ambiente de trabalho mais saud\u00e1vel.<\/p>\n<p>A iniciativa #BoraConversar \u00e9 uma oportunidade para que todos os profissionais do ramo financeiro se unam em prol de um ambiente de trabalho mais justo, saud\u00e1vel e equilibrado. Juntos, \u00e9 poss\u00edvel promover mudan\u00e7as significativas e assegurar que as metas estabelecidas n\u00e3o sejam abusivas.<\/p>\n<p><a href=\"https:\/\/docs.google.com\/forms\/d\/e\/1FAIpQLSfK0SEXOlJDE1X7r-N7da72yucqWj9G2tb6rYramkFA09V1og\/viewform?usp=sf_link\">Clique aqui e #BoraConversar<\/a>!<\/p>\n<p><strong>Fonte: Contraf-CUT<\/strong><\/p>\n","protected":false},"excerpt":{"rendered":"<p>O Coletivo Nacional de Sa\u00fade da Confedera\u00e7\u00e3o Nacional dos Trabalhadores do Ramo Financeiro (Contraf-CUT) est\u00e1 empenhado em promover uma mudan\u00e7a significativa no ambiente de trabalho dos profissionais do setor financeiro. Atrav\u00e9s da campanha \u201cMenos Metas, Mais Sa\u00fade\u201d, a Contraf-CUT lan\u00e7ou a iniciativa #BoraConversar, com o objetivo de conscientizar sobre os impactos prejudiciais das metas abusivas [&hellip;]<\/p>\n","protected":false},"author":2,"featured_media":14139,"comment_status":"","ping_status":"","sticky":false,"template":"","format":"standard","meta":{"footnotes":""},"categories":[3],"tags":[],"class_list":["post-14140","post","type-post","status-publish","format-standard","has-post-thumbnail","hentry","category-noticias"],"_links":{"self":[{"href":"https:\/\/hostnetart.com.br\/baixada\/wp-json\/wp\/v2\/posts\/14140","targetHints":{"allow":["GET"]}}],"collection":[{"href":"https:\/\/hostnetart.com.br\/baixada\/wp-json\/wp\/v2\/posts"}],"about":[{"href":"https:\/\/hostnetart.com.br\/baixada\/wp-json\/wp\/v2\/types\/post"}],"author":[{"embeddable":true,"href":"https:\/\/hostnetart.com.br\/baixada\/wp-json\/wp\/v2\/users\/2"}],"replies":[{"embeddable":true,"href":"https:\/\/hostnetart.com.br\/baixada\/wp-json\/wp\/v2\/comments?post=14140"}],"version-history":[{"count":0,"href":"https:\/\/hostnetart.com.br\/baixada\/wp-json\/wp\/v2\/posts\/14140\/revisions"}],"wp:featuredmedia":[{"embeddable":true,"href":"https:\/\/hostnetart.com.br\/baixada\/wp-json\/wp\/v2\/media\/14139"}],"wp:attachment":[{"href":"https:\/\/hostnetart.com.br\/baixada\/wp-json\/wp\/v2\/media?parent=14140"}],"wp:term":[{"taxonomy":"category","embeddable":true,"href":"https:\/\/hostnetart.com.br\/baixada\/wp-json\/wp\/v2\/categories?post=14140"},{"taxonomy":"post_tag","embeddable":true,"href":"https:\/\/hostnetart.com.br\/baixada\/wp-json\/wp\/v2\/tags?post=14140"}],"curies":[{"name":"wp","href":"https:\/\/api.w.org\/{rel}","templated":true}]}}