{"id":14138,"date":"2023-05-31T14:24:31","date_gmt":"2023-05-31T17:24:31","guid":{"rendered":"https:\/\/hostnetart.com.br\/baixada\/sindicato-dos-bancarios-da-baixada-fluminense-participa-de-sistema-diretivo-da-fetraf-rj-es-2\/"},"modified":"2023-05-31T14:24:31","modified_gmt":"2023-05-31T17:24:31","slug":"sindicato-dos-bancarios-da-baixada-fluminense-participa-de-sistema-diretivo-da-fetraf-rj-es-2","status":"publish","type":"post","link":"https:\/\/hostnetart.com.br\/baixada\/sindicato-dos-bancarios-da-baixada-fluminense-participa-de-sistema-diretivo-da-fetraf-rj-es-2\/","title":{"rendered":"Sindicato dos Banc\u00e1rios da Baixada Fluminense participa de Sistema Diretivo da Fetraf RJ\/ES"},"content":{"rendered":"<p>Nesta ter\u00e7a-feira, 30 de maio, a Federa\u00e7\u00e3o dos Trabalhadores do Ramo Financeiro dos Estados do Rio de Janeiro e Esp\u00edrito Santo (Fetraf RJ\/ES), que representa os Sindicatos dos Banc\u00e1rios de Angra dos Reis e Regi\u00e3o, Baixada Fluminense, Esp\u00edrito Santo, Itaperuna e Regi\u00e3o, Maca\u00e9 e Regi\u00e3o, Nova Friburgo e Regi\u00e3o e Tr\u00eas Rios e Regi\u00e3o, realizou mais um Sistema Diretivo.<\/p>\n<p>Foi o sexto Sistema Diretivo da nova gest\u00e3o da entidade.<\/p>\n<p>A reuni\u00e3o, que foi realizada virtualmente, definiu as delegadas que participar\u00e3o do 17\u00ba Congresso Estadual da CUT-RJ nos dias 11 e 12 de agosto, na cidade do Rio de Janeiro (Renata Soeiro, Elizabeth Paradela e Adilma Nunes), al\u00e9m de deliberar informa\u00e7\u00f5es da 25\u00aa Confer\u00eancia Interestadual da Fetraf RJ\/ES, que ir\u00e1 ocorrer em Maca\u00e9, no dia 8 de julho, e servir\u00e1 para encaminhar e definir estrat\u00e9gias da Campanha Nacional dos Banc\u00e1rios de 2023.<\/p>\n<p>A Confer\u00eancia ser\u00e1 aberta a todas e todos os trabalhadores do ramo financeiro da base da Federa\u00e7\u00e3o.<\/p>\n<p><strong>Fonte: Fetraf RJ\/ES<\/strong><\/p>\n","protected":false},"excerpt":{"rendered":"<p>Nesta ter\u00e7a-feira, 30 de maio, a Federa\u00e7\u00e3o dos Trabalhadores do Ramo Financeiro dos Estados do Rio de Janeiro e Esp\u00edrito Santo (Fetraf RJ\/ES), que representa os Sindicatos dos Banc\u00e1rios de Angra dos Reis e Regi\u00e3o, Baixada Fluminense, Esp\u00edrito Santo, Itaperuna e Regi\u00e3o, Maca\u00e9 e Regi\u00e3o, Nova Friburgo e Regi\u00e3o e Tr\u00eas Rios e Regi\u00e3o, realizou [&hellip;]<\/p>\n","protected":false},"author":2,"featured_media":14137,"comment_status":"","ping_status":"","sticky":false,"template":"","format":"standard","meta":{"footnotes":""},"categories":[3],"tags":[],"class_list":["post-14138","post","type-post","status-publish","format-standard","has-post-thumbnail","hentry","category-noticias"],"_links":{"self":[{"href":"https:\/\/hostnetart.com.br\/baixada\/wp-json\/wp\/v2\/posts\/14138","targetHints":{"allow":["GET"]}}],"collection":[{"href":"https:\/\/hostnetart.com.br\/baixada\/wp-json\/wp\/v2\/posts"}],"about":[{"href":"https:\/\/hostnetart.com.br\/baixada\/wp-json\/wp\/v2\/types\/post"}],"author":[{"embeddable":true,"href":"https:\/\/hostnetart.com.br\/baixada\/wp-json\/wp\/v2\/users\/2"}],"replies":[{"embeddable":true,"href":"https:\/\/hostnetart.com.br\/baixada\/wp-json\/wp\/v2\/comments?post=14138"}],"version-history":[{"count":0,"href":"https:\/\/hostnetart.com.br\/baixada\/wp-json\/wp\/v2\/posts\/14138\/revisions"}],"wp:featuredmedia":[{"embeddable":true,"href":"https:\/\/hostnetart.com.br\/baixada\/wp-json\/wp\/v2\/media\/14137"}],"wp:attachment":[{"href":"https:\/\/hostnetart.com.br\/baixada\/wp-json\/wp\/v2\/media?parent=14138"}],"wp:term":[{"taxonomy":"category","embeddable":true,"href":"https:\/\/hostnetart.com.br\/baixada\/wp-json\/wp\/v2\/categories?post=14138"},{"taxonomy":"post_tag","embeddable":true,"href":"https:\/\/hostnetart.com.br\/baixada\/wp-json\/wp\/v2\/tags?post=14138"}],"curies":[{"name":"wp","href":"https:\/\/api.w.org\/{rel}","templated":true}]}}