{"id":14132,"date":"2023-05-30T13:40:33","date_gmt":"2023-05-30T16:40:33","guid":{"rendered":"https:\/\/hostnetart.com.br\/baixada\/trf1-suspende-liminar-que-afastou-presidente-da-previ\/"},"modified":"2023-05-30T13:40:33","modified_gmt":"2023-05-30T16:40:33","slug":"trf1-suspende-liminar-que-afastou-presidente-da-previ","status":"publish","type":"post","link":"https:\/\/hostnetart.com.br\/baixada\/trf1-suspende-liminar-que-afastou-presidente-da-previ\/","title":{"rendered":"TRF1 suspende liminar que afastou presidente da Previ"},"content":{"rendered":"<p>O desembargador federal Rafael Paulo Soares Pinto, do Tribunal Regional Federal da 1\u00aa Regi\u00e3o (TRF1), derrubou, no in\u00edcio da noite desta segunda-feira (29), a liminar que determinou o afastamento do presidente da Caixa de Previd\u00eancia dos Funcion\u00e1rios do Banco do Brasil (Previ), Jo\u00e3o Fukunaga.<\/p>\n<p>O magistrado reconheceu a legalidade e capacidade t\u00e9cnica da Superintend\u00eancia Nacional de Previd\u00eancia Complementar (Previc), entidade p\u00fablica respons\u00e1vel por gerenciar as operadoras de previd\u00eancia privada no pa\u00eds e que habilitou Jo\u00e3o Fukunaga a exercer o cargo.<\/p>\n<p>\u201cO afastamento havia se dado na \u00faltima sexta (26), pelo juiz substituto da 1\u00aa Vara C\u00edvel do Distrito Federal, Marcelo Gentil Monteiro, atendendo pedido de um deputado do estado de S\u00e3o Paulo, que entrou, no Distrito Federal, com uma a\u00e7\u00e3o popular, que n\u00e3o representa os associados e associadas da Previ\u201d, explica Fernanda Lopes, funcion\u00e1ria do Banco do Brasil, associada do plano Previ Futuro e representante da Confedera\u00e7\u00e3o Nacional dos Trabalhadores do Ramo Financeiro (Contraf-CUT) na Comiss\u00e3o de Empresa dos Funcion\u00e1rios do Banco do Brasil (CEBB).<\/p>\n<p>\u201cA decis\u00e3o de hoje, do desembargador em Bras\u00edlia, est\u00e1 absolutamente correta e em linha com o que n\u00f3s apontamos, ou seja, que desde a indica\u00e7\u00e3o at\u00e9 a posse de Jo\u00e3o Fukunaga, todos os ritos de governan\u00e7a foram respeitados e, al\u00e9m disso, Fukunaga atendeu \u00e0s exig\u00eancias previstas nos processos de elegibilidade tanto do Banco do Brasil, patrocinador do fundo de pens\u00e3o, quanto da pr\u00f3pria Previ. Logo, a decis\u00e3o que o afastou semana passada carecia de base regulamentar\u201d, completa.<\/p>\n<p><a href=\"https:\/\/contrafcut.com.br\/noticias\/defesa-da-governanca-da-previ-em-defesa-da-historia-de-luta-e-da-competencia-das-nossas-liderancas\/\" target=\"_blank\" rel=\"noopener noreferrer\">Em manifesto, divulgada nesta segunda<\/a>, representantes de v\u00e1rias entidades sindicais e representativas, incluindo CUT, Contraf-CUT e Associa\u00e7\u00e3o Nacional dos Participantes de Fundos de Pens\u00e3o e dos Benefici\u00e1rios de Sa\u00fade Suplementar de Autogest\u00e3o (Anapar), observaram que, ao contr\u00e1rio do que a a\u00e7\u00e3o do deputado estadual afirmou, \u201cnunca houve cobran\u00e7a aos associados por d\u00e9ficit na Previ, que \u00e9 o maior fundo de pens\u00e3o do pa\u00eds\u201d, e a entidade, que hoje representa mais de 200 mil associados e associadas, segue mantendo bons resultados.<\/p>\n<p>Sobre a indica\u00e7\u00e3o de Jo\u00e3o Fukunaga para o cargo, o grupo destacou que o funcion\u00e1rio de carreira do Banco do Brasil e associado ao plano Previ Futuro \u201cconquistou o respeito e o reconhecimento que levaram \u00e0 sua indica\u00e7\u00e3o\u201d, arrematando que \u201cdesqualificar a experi\u00eancia de lideran\u00e7a e de administra\u00e7\u00e3o adquiridas em anos de atividade nas entidades representativas significa discriminar essas entidades e desprezar aquilo que tem sido mais importante na defesa da Previ, que \u00e9 a participa\u00e7\u00e3o e a vigil\u00e2ncia dos seus associados atrav\u00e9s justamente das suas entidades representativas\u201d.<\/p>\n<p><strong>Fonte: Contraf-CUT<\/strong><\/p>\n","protected":false},"excerpt":{"rendered":"<p>O desembargador federal Rafael Paulo Soares Pinto, do Tribunal Regional Federal da 1\u00aa Regi\u00e3o (TRF1), derrubou, no in\u00edcio da noite desta segunda-feira (29), a liminar que determinou o afastamento do presidente da Caixa de Previd\u00eancia dos Funcion\u00e1rios do Banco do Brasil (Previ), Jo\u00e3o Fukunaga. O magistrado reconheceu a legalidade e capacidade t\u00e9cnica da Superintend\u00eancia Nacional [&hellip;]<\/p>\n","protected":false},"author":2,"featured_media":14131,"comment_status":"","ping_status":"","sticky":false,"template":"","format":"standard","meta":{"footnotes":""},"categories":[3],"tags":[],"class_list":["post-14132","post","type-post","status-publish","format-standard","has-post-thumbnail","hentry","category-noticias"],"_links":{"self":[{"href":"https:\/\/hostnetart.com.br\/baixada\/wp-json\/wp\/v2\/posts\/14132","targetHints":{"allow":["GET"]}}],"collection":[{"href":"https:\/\/hostnetart.com.br\/baixada\/wp-json\/wp\/v2\/posts"}],"about":[{"href":"https:\/\/hostnetart.com.br\/baixada\/wp-json\/wp\/v2\/types\/post"}],"author":[{"embeddable":true,"href":"https:\/\/hostnetart.com.br\/baixada\/wp-json\/wp\/v2\/users\/2"}],"replies":[{"embeddable":true,"href":"https:\/\/hostnetart.com.br\/baixada\/wp-json\/wp\/v2\/comments?post=14132"}],"version-history":[{"count":0,"href":"https:\/\/hostnetart.com.br\/baixada\/wp-json\/wp\/v2\/posts\/14132\/revisions"}],"wp:featuredmedia":[{"embeddable":true,"href":"https:\/\/hostnetart.com.br\/baixada\/wp-json\/wp\/v2\/media\/14131"}],"wp:attachment":[{"href":"https:\/\/hostnetart.com.br\/baixada\/wp-json\/wp\/v2\/media?parent=14132"}],"wp:term":[{"taxonomy":"category","embeddable":true,"href":"https:\/\/hostnetart.com.br\/baixada\/wp-json\/wp\/v2\/categories?post=14132"},{"taxonomy":"post_tag","embeddable":true,"href":"https:\/\/hostnetart.com.br\/baixada\/wp-json\/wp\/v2\/tags?post=14132"}],"curies":[{"name":"wp","href":"https:\/\/api.w.org\/{rel}","templated":true}]}}