{"id":14128,"date":"2023-05-26T19:03:29","date_gmt":"2023-05-26T22:03:29","guid":{"rendered":"https:\/\/hostnetart.com.br\/baixada\/movimento-sindical-repudia-ataques-contra-fundo-de-pensao-do-banco-do-brasil\/"},"modified":"2023-05-26T19:03:29","modified_gmt":"2023-05-26T22:03:29","slug":"movimento-sindical-repudia-ataques-contra-fundo-de-pensao-do-banco-do-brasil","status":"publish","type":"post","link":"https:\/\/hostnetart.com.br\/baixada\/movimento-sindical-repudia-ataques-contra-fundo-de-pensao-do-banco-do-brasil\/","title":{"rendered":"Movimento Sindical repudia ataques contra fundo de pens\u00e3o do Banco do Brasil"},"content":{"rendered":"<p><strong>Nota de rep\u00fadio aos ataques \u00e0 Previ<\/strong><\/p>\n<p>A Confedera\u00e7\u00e3o Nacional dos Trabalhadores do Ramo Financeiro (Contraf-CUT) repudia decis\u00e3o do juiz substituto da 1\u00aa Vara C\u00edvel do Distrito Federal, Marcelo Gentil Monteiro, que atendeu a pedido de um deputado para afastar o presidente da Caixa de Previd\u00eancia dos Funcion\u00e1rios do Banco do Brasil (Previ), Jo\u00e3o Fukunaga, do cargo. Uma decis\u00e3o que fere inst\u00e2ncias democraticamente institu\u00eddas como o Conselho Deliberativo do Banco do Brasil e a Superintend\u00eancia Nacional de Previd\u00eancia Complementar (Previc), entidade p\u00fablica respons\u00e1vel por gerenciar as operadoras de previd\u00eancia privada no pa\u00eds, que habilitaram Jo\u00e3o Fukunaga para exercer o cargo.<\/p>\n<p>Todos os ritos de governan\u00e7a foram respeitados, desde a indica\u00e7\u00e3o at\u00e9 a posse de Jo\u00e3o Fukunaga, que atendeu \u00e0s exig\u00eancias previstas nos processos de elegibilidade tanto do Banco do Brasil, patrocinador do fundo de pens\u00e3o, quanto da pr\u00f3pria Previ.<\/p>\n<p>A decis\u00e3o tamb\u00e9m \u00e9 mais um ataque contra o movimento sindical, uma vez que Fukunaga, al\u00e9m de funcion\u00e1rio de carreira do Banco do Brasil e associado do plano Previ Futuro, tem hist\u00f3rico na luta pelos direitos dos trabalhadores banc\u00e1rios nas entidades representativas.<\/p>\n<p>A determina\u00e7\u00e3o pelo afastamento do dirigente, portanto, \u00e9 absolutamente pol\u00edtica, sem base t\u00e9cnica alguma. Al\u00e9m disso, coloca em risco o equil\u00edbrio das institui\u00e7\u00f5es, desrespeitando \u00f3rg\u00e3os reguladores, necess\u00e1rios para manuten\u00e7\u00e3o do sistema de freios e contrapesos, sem os quais n\u00e3o h\u00e1 Estado Democr\u00e1tico de Direito.<\/p>\n<p>Continuamos acreditando no Poder Judici\u00e1rio e aguardamos pela revoga\u00e7\u00e3o da liminar, dada a fragilidade jur\u00eddica da decis\u00e3o que se configura como mais um ataque \u00e0 Previ e ao futuro previdenci\u00e1rio de seus participantes.<\/p>\n<p><strong>Confedera\u00e7\u00e3o Nacional dos Trabalhadores do Ramo Financeiro (Contraf-CUT)<\/strong><\/p>\n<p><em><strong>Fonte: Contraf-CUT<\/strong><\/em><\/p>\n","protected":false},"excerpt":{"rendered":"<p>Nota de rep\u00fadio aos ataques \u00e0 Previ A Confedera\u00e7\u00e3o Nacional dos Trabalhadores do Ramo Financeiro (Contraf-CUT) repudia decis\u00e3o do juiz substituto da 1\u00aa Vara C\u00edvel do Distrito Federal, Marcelo Gentil Monteiro, que atendeu a pedido de um deputado para afastar o presidente da Caixa de Previd\u00eancia dos Funcion\u00e1rios do Banco do Brasil (Previ), Jo\u00e3o Fukunaga, [&hellip;]<\/p>\n","protected":false},"author":2,"featured_media":14127,"comment_status":"","ping_status":"","sticky":false,"template":"","format":"standard","meta":{"footnotes":""},"categories":[3],"tags":[],"class_list":["post-14128","post","type-post","status-publish","format-standard","has-post-thumbnail","hentry","category-noticias"],"_links":{"self":[{"href":"https:\/\/hostnetart.com.br\/baixada\/wp-json\/wp\/v2\/posts\/14128","targetHints":{"allow":["GET"]}}],"collection":[{"href":"https:\/\/hostnetart.com.br\/baixada\/wp-json\/wp\/v2\/posts"}],"about":[{"href":"https:\/\/hostnetart.com.br\/baixada\/wp-json\/wp\/v2\/types\/post"}],"author":[{"embeddable":true,"href":"https:\/\/hostnetart.com.br\/baixada\/wp-json\/wp\/v2\/users\/2"}],"replies":[{"embeddable":true,"href":"https:\/\/hostnetart.com.br\/baixada\/wp-json\/wp\/v2\/comments?post=14128"}],"version-history":[{"count":0,"href":"https:\/\/hostnetart.com.br\/baixada\/wp-json\/wp\/v2\/posts\/14128\/revisions"}],"wp:featuredmedia":[{"embeddable":true,"href":"https:\/\/hostnetart.com.br\/baixada\/wp-json\/wp\/v2\/media\/14127"}],"wp:attachment":[{"href":"https:\/\/hostnetart.com.br\/baixada\/wp-json\/wp\/v2\/media?parent=14128"}],"wp:term":[{"taxonomy":"category","embeddable":true,"href":"https:\/\/hostnetart.com.br\/baixada\/wp-json\/wp\/v2\/categories?post=14128"},{"taxonomy":"post_tag","embeddable":true,"href":"https:\/\/hostnetart.com.br\/baixada\/wp-json\/wp\/v2\/tags?post=14128"}],"curies":[{"name":"wp","href":"https:\/\/api.w.org\/{rel}","templated":true}]}}