{"id":14124,"date":"2023-05-26T03:12:38","date_gmt":"2023-05-26T06:12:38","guid":{"rendered":"https:\/\/hostnetart.com.br\/baixada\/bndes-cria-gt-para-ampliar-diversidade-racial\/"},"modified":"2023-05-26T03:12:38","modified_gmt":"2023-05-26T06:12:38","slug":"bndes-cria-gt-para-ampliar-diversidade-racial","status":"publish","type":"post","link":"https:\/\/hostnetart.com.br\/baixada\/bndes-cria-gt-para-ampliar-diversidade-racial\/","title":{"rendered":"BNDES cria GT para ampliar diversidade racial"},"content":{"rendered":"<p>O Banco Nacional de Desenvolvimento Econ\u00f4mico e Social (BNDES) criou o Grupo de Trabalho (GT) Empoderamento Negro para a Transforma\u00e7\u00e3o da Economia, para o planejamento de medidas de fortalecimento da equidade racial na entidade.<\/p>\n<p>A medida foi formalizada nesta ter\u00e7a-feira (23) e tem apoio da Open Society Foundations. O evento iniciou com desagravo ao jogador Vin\u00edcius J\u00fanior, que foi v\u00edtima de violenta manifesta\u00e7\u00e3o de racismo em jogo da liga espanhola no \u00faltimo domingo.<\/p>\n<p>O GT vai atuar na elabora\u00e7\u00e3o de um novo censo para identificar a composi\u00e7\u00e3o \u00e9tnico-racial dos empregados do BNDES, propor medidas para impulsionar a diversidade, a equidade e a inclus\u00e3o da popula\u00e7\u00e3o negra no banco e desenvolver propostas para adequar sua atua\u00e7\u00e3o a legisla\u00e7\u00f5es como a Conven\u00e7\u00e3o Interamericana contra o Racismo, a Discrimina\u00e7\u00e3o Racial e Formas Correlatas de Intoler\u00e2ncia e o Estatuto da Igualdade Racial.<\/p>\n<p>O colegiado tamb\u00e9m vai sistematizar estudos de a\u00e7\u00f5es afirmativas para negras e negros no BNDES e em outros bancos de desenvolvimento, al\u00e9m de mapear e propor a\u00e7\u00f5es para o empoderamento da popula\u00e7\u00e3o negra no pa\u00eds, em interlocu\u00e7\u00e3o com \u00f3rg\u00e3os p\u00fablicos e institui\u00e7\u00f5es da sociedade civil.<\/p>\n<p>\u201cVamos sair daqui com algumas tarefas, e n\u00e3o apenas para o banco. No pr\u00f3ximo dia 20 de novembro, data de Zumbi, vamos lan\u00e7ar um documento para incluir nos Objetivos do Desenvolvimento Sustent\u00e1vel (ODSs) a quest\u00e3o do racismo. Queremos colocar essa agenda em discuss\u00e3o na ONU\u201d, disse o presidente do BNDES, Aloizio Mercadante.<\/p>\n<p>O semin\u00e1rio teve tamb\u00e9m a participa\u00e7\u00e3o das ministras da Igualdade Racial, Anielle Franco, e da Cultura, Margareth Menezes; de empres\u00e1rios, como a CEO do Magazine Luiza, Helena Trajano, e do grupo Mondelez, Liel Miranda; al\u00e9m do embaixador da \u00c1frica do Sul, Vusumuzi W. Mavimbela, e de outras personalidades.<\/p>\n<p>Para o secret\u00e1rio de Combate ao Racismo da Confedera\u00e7\u00e3o Nacional dos Trabalhadores do Ramo Financeiro (Contraf-CUT), Almir Aguiar, que participou do evento, \u201cdepois de muitos anos, o BNDES volta a abrir suas portas para discutir racismo e empoderamento negro na transforma\u00e7\u00e3o da economia, tema fundamental, e o BNDES tem um importante papel para alavancar o empreendedorismo negro\u201d.<\/p>\n<h3><strong>Cais do Valongo<\/strong><\/h3>\n<p>O secret\u00e1rio observa que outro ponto importante, entre as iniciativas apresentadas por Mercadante, \u00e9 que o BNDES disponibilizar\u00e1 R$ 17 milh\u00f5es, al\u00e9m da capta\u00e7\u00e3o de mais R$ 10 milh\u00f5es junto \u00e0 iniciativa privada, para a constru\u00e7\u00e3o do Museu e do Distrito Cultural do Cais do Valongo, com inaugura\u00e7\u00e3o prevista para 2026 na regi\u00e3o carioca conhecida como Pequena \u00c1frica.<\/p>\n<p>Como ressalta Almir, \u201cpor mais de 40 anos, o Cais do Valongo, que foi reconhecido pela Unesco como Patrim\u00f4nio Hist\u00f3rico em 2017, recebeu mais de um milh\u00e3o de escravizados, e por isso nos leva a refletir sobre grandes barb\u00e1ries cometidas contra a humanidade\u201d.<\/p>\n<p>Para o dirigente, \u201co Museu ser\u00e1 muito importante para o Rio de Janeiro e para o Brasil, como um marco para fortalecer a luta contra os crimes cometidos contra negros e contra o racismo, que precisam acabar. Basta de racismo!\u201d<\/p>\n<p><strong>Fonte: Contraf-CUT<\/strong><\/p>\n","protected":false},"excerpt":{"rendered":"<p>O Banco Nacional de Desenvolvimento Econ\u00f4mico e Social (BNDES) criou o Grupo de Trabalho (GT) Empoderamento Negro para a Transforma\u00e7\u00e3o da Economia, para o planejamento de medidas de fortalecimento da equidade racial na entidade. A medida foi formalizada nesta ter\u00e7a-feira (23) e tem apoio da Open Society Foundations. O evento iniciou com desagravo ao jogador [&hellip;]<\/p>\n","protected":false},"author":2,"featured_media":14123,"comment_status":"","ping_status":"","sticky":false,"template":"","format":"standard","meta":{"footnotes":""},"categories":[3],"tags":[],"class_list":["post-14124","post","type-post","status-publish","format-standard","has-post-thumbnail","hentry","category-noticias"],"_links":{"self":[{"href":"https:\/\/hostnetart.com.br\/baixada\/wp-json\/wp\/v2\/posts\/14124","targetHints":{"allow":["GET"]}}],"collection":[{"href":"https:\/\/hostnetart.com.br\/baixada\/wp-json\/wp\/v2\/posts"}],"about":[{"href":"https:\/\/hostnetart.com.br\/baixada\/wp-json\/wp\/v2\/types\/post"}],"author":[{"embeddable":true,"href":"https:\/\/hostnetart.com.br\/baixada\/wp-json\/wp\/v2\/users\/2"}],"replies":[{"embeddable":true,"href":"https:\/\/hostnetart.com.br\/baixada\/wp-json\/wp\/v2\/comments?post=14124"}],"version-history":[{"count":0,"href":"https:\/\/hostnetart.com.br\/baixada\/wp-json\/wp\/v2\/posts\/14124\/revisions"}],"wp:featuredmedia":[{"embeddable":true,"href":"https:\/\/hostnetart.com.br\/baixada\/wp-json\/wp\/v2\/media\/14123"}],"wp:attachment":[{"href":"https:\/\/hostnetart.com.br\/baixada\/wp-json\/wp\/v2\/media?parent=14124"}],"wp:term":[{"taxonomy":"category","embeddable":true,"href":"https:\/\/hostnetart.com.br\/baixada\/wp-json\/wp\/v2\/categories?post=14124"},{"taxonomy":"post_tag","embeddable":true,"href":"https:\/\/hostnetart.com.br\/baixada\/wp-json\/wp\/v2\/tags?post=14124"}],"curies":[{"name":"wp","href":"https:\/\/api.w.org\/{rel}","templated":true}]}}