{"id":14122,"date":"2023-05-26T03:10:26","date_gmt":"2023-05-26T06:10:26","guid":{"rendered":"https:\/\/hostnetart.com.br\/baixada\/direcao-nacional-aprovou-balanco-da-contraf-cut\/"},"modified":"2023-05-26T03:10:26","modified_gmt":"2023-05-26T06:10:26","slug":"direcao-nacional-aprovou-balanco-da-contraf-cut","status":"publish","type":"post","link":"https:\/\/hostnetart.com.br\/baixada\/direcao-nacional-aprovou-balanco-da-contraf-cut\/","title":{"rendered":"Dire\u00e7\u00e3o Nacional aprovou balan\u00e7o da Contraf-CUT"},"content":{"rendered":"<p>A Dire\u00e7\u00e3o Executiva Nacional da Confedera\u00e7\u00e3o Nacional dos Trabalhadores do Ramo Financeiro (Contraf-CUT) se reuniu nesta ter\u00e7a-feira (23), em S\u00e3o Paulo, para analisar os dados do balan\u00e7o da entidade e debater sobre as prioridades do movimento sindical banc\u00e1rio em 2023.<\/p>\n<p>Ap\u00f3s a apresenta\u00e7\u00e3o e an\u00e1lise das informa\u00e7\u00f5es, os membros da DN aprovaram o balan\u00e7o por unanimidade. \u201cOs demonstrativos financeiros j\u00e1 haviam sido analisados e aprovados pelo Conselho Fiscal e pela Executiva Nacional. Convocamos os representantes das entidades e fizemos esta apresenta\u00e7\u00e3o detalhada para a an\u00e1lise e delibera\u00e7\u00e3o final pela Dire\u00e7\u00e3o Executiva Nacional, conforme determina nosso estatuto\u201d, explicou o secret\u00e1rio de Finan\u00e7as da Contraf-CUT, Luiz Cesar de Freitas.<\/p>\n<h3><strong>Conjuntura e a\u00e7\u00f5es priorit\u00e1rias<\/strong><\/h3>\n<p>Os membros da Dire\u00e7\u00e3o Nacional da Contraf-CUT tamb\u00e9m refletiram sobre a conjuntura social e pol\u00edtica nacional e sobre outros temas de interesse da categoria e da classe trabalhadora.<\/p>\n<p>A presidenta da Contraf-CUT, Juvandia Moreira, ressaltou que a classe trabalhadora, e especificamente as categorias do ramo financeiro, precisa focar sua atua\u00e7\u00e3o para obter avan\u00e7os em temas priorit\u00e1rios.<\/p>\n<p>\u201cEm 2022, assinamos um acordo de dois anos que j\u00e1 nos garante aumento real para este ano. Agora \u00e9 fundamental concentrarmos nossa atua\u00e7\u00e3o em temas importantes n\u00e3o apenas para n\u00f3s do ramo financeiro, mas para toda a classe trabalhadora, para ampliarmos o debate sobre a necessidade de uma reforma tribut\u00e1ria que garanta mais justi\u00e7a fiscal e social, com aumento da faixa de isen\u00e7\u00e3o do IR, tanto na tabela geral, quanto na espec\u00edfica da PLR\u201d, disse a presidenta da Contraf-CUT. \u201cTamb\u00e9m devemos continuar nossa campanha pela redu\u00e7\u00e3o da taxa de juros e o debate sobre o papel do sistema financeiro e do cr\u00e9dito para a gera\u00e7\u00e3o de emprego e renda, al\u00e9m de avan\u00e7armos rumo \u00e0 organiza\u00e7\u00e3o do movimento sindical e outras quest\u00f5es que envolvem o futuro da categoria e do ramo financeiro\u201d, completou, ao informar que estes tamb\u00e9m s\u00e3o os temas preliminares indicados para o debate na 25\u00aa Confer\u00eancia Nacional.<\/p>\n<p>A 25\u00aa Confer\u00eancia Nacional dos Banc\u00e1rios ser\u00e1 realizada nos dias 4, 5 e 6 de agosto de 2023, em S\u00e3o Paulo, na quadra do Sindicato dos Banc\u00e1rios de S\u00e3o Paulo, Osasco e Regi\u00e3o, no formato presencial. Antes disso, nos meses de junho e julho, os mesmos temas devem ser debatidos nas confer\u00eancias estaduais\/regionais.<\/p>\n<p><strong>Fonte: Contraf-CUT<\/strong><\/p>\n","protected":false},"excerpt":{"rendered":"<p>A Dire\u00e7\u00e3o Executiva Nacional da Confedera\u00e7\u00e3o Nacional dos Trabalhadores do Ramo Financeiro (Contraf-CUT) se reuniu nesta ter\u00e7a-feira (23), em S\u00e3o Paulo, para analisar os dados do balan\u00e7o da entidade e debater sobre as prioridades do movimento sindical banc\u00e1rio em 2023. Ap\u00f3s a apresenta\u00e7\u00e3o e an\u00e1lise das informa\u00e7\u00f5es, os membros da DN aprovaram o balan\u00e7o por [&hellip;]<\/p>\n","protected":false},"author":2,"featured_media":14121,"comment_status":"","ping_status":"","sticky":false,"template":"","format":"standard","meta":{"footnotes":""},"categories":[3],"tags":[],"class_list":["post-14122","post","type-post","status-publish","format-standard","has-post-thumbnail","hentry","category-noticias"],"_links":{"self":[{"href":"https:\/\/hostnetart.com.br\/baixada\/wp-json\/wp\/v2\/posts\/14122","targetHints":{"allow":["GET"]}}],"collection":[{"href":"https:\/\/hostnetart.com.br\/baixada\/wp-json\/wp\/v2\/posts"}],"about":[{"href":"https:\/\/hostnetart.com.br\/baixada\/wp-json\/wp\/v2\/types\/post"}],"author":[{"embeddable":true,"href":"https:\/\/hostnetart.com.br\/baixada\/wp-json\/wp\/v2\/users\/2"}],"replies":[{"embeddable":true,"href":"https:\/\/hostnetart.com.br\/baixada\/wp-json\/wp\/v2\/comments?post=14122"}],"version-history":[{"count":0,"href":"https:\/\/hostnetart.com.br\/baixada\/wp-json\/wp\/v2\/posts\/14122\/revisions"}],"wp:featuredmedia":[{"embeddable":true,"href":"https:\/\/hostnetart.com.br\/baixada\/wp-json\/wp\/v2\/media\/14121"}],"wp:attachment":[{"href":"https:\/\/hostnetart.com.br\/baixada\/wp-json\/wp\/v2\/media?parent=14122"}],"wp:term":[{"taxonomy":"category","embeddable":true,"href":"https:\/\/hostnetart.com.br\/baixada\/wp-json\/wp\/v2\/categories?post=14122"},{"taxonomy":"post_tag","embeddable":true,"href":"https:\/\/hostnetart.com.br\/baixada\/wp-json\/wp\/v2\/tags?post=14122"}],"curies":[{"name":"wp","href":"https:\/\/api.w.org\/{rel}","templated":true}]}}