{"id":14118,"date":"2023-05-24T13:35:55","date_gmt":"2023-05-24T16:35:55","guid":{"rendered":"https:\/\/hostnetart.com.br\/baixada\/santander-ignora-responsabilidade-social-ao-priorizar-crescimento-seletivo-no-brasil\/"},"modified":"2023-05-24T13:35:55","modified_gmt":"2023-05-24T16:35:55","slug":"santander-ignora-responsabilidade-social-ao-priorizar-crescimento-seletivo-no-brasil","status":"publish","type":"post","link":"https:\/\/hostnetart.com.br\/baixada\/santander-ignora-responsabilidade-social-ao-priorizar-crescimento-seletivo-no-brasil\/","title":{"rendered":"Santander ignora responsabilidade social ao priorizar crescimento seletivo no Brasil"},"content":{"rendered":"<p>No primeiro trimestre de 2023, o Santander apresentou resultados que refletem uma mudan\u00e7a significativa em sua estrat\u00e9gia de neg\u00f3cios. Um dos principais destaques negativos no balan\u00e7o do Santander \u00e9 a queda do lucro e o aumento das Provis\u00f5es para Devedores Duvidosos (PDD). Esses dados indicam uma deteriora\u00e7\u00e3o na qualidade dos ativos.<\/p>\n<p>Al\u00e9m disso, em compara\u00e7\u00e3o aos demais bancos de grande porte do pa\u00eds \u2013 Banco do Brasil, Caixa Econ\u00f4mica Federal, Bradesco e Ita\u00fa -, o Santander registrou o menor crescimento da carteira de cr\u00e9dito. Para o economista Gustavo Machado Cavarzan, da subse\u00e7\u00e3o do Departamento Intersindical de Estudos Socioecon\u00f4micos (Dieese) na Confedera\u00e7\u00e3o Nacional dos Trabalhadores do Ramos Financeiro (Contraf-CUT), essa situa\u00e7\u00e3o demonstra uma postura conservadora na concess\u00e3o de cr\u00e9dito, adotada pelo banco desde o ano passado.<\/p>\n<p>No pr\u00f3prio\u00a0<a href=\"https:\/\/contrafcut.com.br\/noticias\/santander-lucra-r-214-bilhoes-no-trimestre\/\" target=\"_blank\" rel=\"noopener noreferrer\">balan\u00e7o<\/a>, o Santander declara que espera um crescimento mais seletivo da carteira de cr\u00e9dito, com foco na \u201cmelhoria na qualidade do portf\u00f3lio\u201d e na \u201cvincula\u00e7\u00e3o e expans\u00e3o de alta renda\u201d. \u201cO banco tem direcionado esfor\u00e7os para atrair e atender clientes de alta renda, visando aumentar a receita nesse segmento, que \u00e9 oito vezes maior do que a receita proveniente de clientes de varejo\u201d, apontou Gustavo.<\/p>\n<p><a href=\"https:\/\/contrafcut.com.br\/noticias\/santander-lucra-r-214-bilhoes-no-trimestre\/\" target=\"_blank\" rel=\"noopener noreferrer\">No \u00faltimo balan\u00e7o o banco registrou um crescimento de 36% de clientes de alta renda<\/a>, chegando aos 834 mil clientes, e o Santander estabeleceu a meta de alcan\u00e7ar 1 milh\u00e3o de clientes deste segmento at\u00e9 o final do ano. \u00c9 importante ressaltar que esse segmento j\u00e1 representa mais de 60% dos investimentos do banco em pessoas f\u00edsicas, evidenciando a inten\u00e7\u00e3o do banco de crescer nesse nicho.<\/p>\n<p>Enquanto a carteira de cr\u00e9dito do segmento de alta renda cresceu 16%, o dobro do crescimento da carteira total de pessoas f\u00edsicas, a carteira de pequenas e m\u00e9dias empresas foi deixada em segundo plano em favor das grandes empresas. \u201cIsso se deve ao fato de que o banco avalia que o segmento de grandes empresas e menos arriscado e por isso ir\u00e1 se concentrar nele\u201d, explicou o economista.<\/p>\n<p>Rita Berlofa, funcion\u00e1ria do Santander e secret\u00e1ria de Rela\u00e7\u00f5es Internacionais da Confedera\u00e7\u00e3o Nacional dos Trabalhadores do Ramo Financeiro (Contraf-CUT), tem levantado quest\u00f5es sobre a preocupa\u00e7\u00e3o do banco com a atual situa\u00e7\u00e3o econ\u00f4mica do pa\u00eds, ao apontar que a popula\u00e7\u00e3o comum enfrentar\u00e1 dificuldades para pagar empr\u00e9stimos. \u201c\u00c9 lament\u00e1vel observar a falta de responsabilidade social do Santander ao adotar uma estrat\u00e9gia que prioriza o lucro em detrimento da popula\u00e7\u00e3o em geral. Ao focar no segmento de alta renda e nas grandes empresas, o banco est\u00e1 contribuindo para aumentar ainda mais a concentra\u00e7\u00e3o de renda no pa\u00eds. Essa postura demonstra um descaso com a situa\u00e7\u00e3o econ\u00f4mica atual e revela uma falta de compromisso com a redu\u00e7\u00e3o das desigualdades sociais. \u00c9 inaceit\u00e1vel que uma institui\u00e7\u00e3o financeira t\u00e3o influente n\u00e3o esteja atuando de forma mais inclusiva e solid\u00e1ria.\u201d<\/p>\n<p>Para Rita, a concentra\u00e7\u00e3o do Santander em segmentos de alta renda e grandes empresas tende a contribuir para o aumento da desigualdade social e da concentra\u00e7\u00e3o de renda no Brasil. Essas estrat\u00e9gias podem ampliar ainda mais as disparidades econ\u00f4micas existentes. \u201cO Santander, ao priorizar o crescimento seletivo e direcionar seus esfor\u00e7os para atender apenas clientes de alta renda, est\u00e1 abandonando grande parte da popula\u00e7\u00e3o que precisa de cr\u00e9dito para impulsionar seus neg\u00f3cios ou realizar projetos pessoais. Essa estrat\u00e9gia coloca em evid\u00eancia a falta de comprometimento do banco com o desenvolvimento econ\u00f4mico e social do pa\u00eds\u201d, disse a dirigente da Contraf-CUT. \u201c\u00c9 preocupante constatar que a institui\u00e7\u00e3o est\u00e1 contribuindo para ampliar as desigualdades e aprofundar a concentra\u00e7\u00e3o de renda. \u00c9 necess\u00e1rio que o Santander repense suas prioridades e adote uma postura mais respons\u00e1vel e inclusiva, visando beneficiar toda a sociedade\u201d, completou Rita.<\/p>\n<p><strong>Fonte: Contraf-CUT<\/strong><\/p>\n","protected":false},"excerpt":{"rendered":"<p>No primeiro trimestre de 2023, o Santander apresentou resultados que refletem uma mudan\u00e7a significativa em sua estrat\u00e9gia de neg\u00f3cios. Um dos principais destaques negativos no balan\u00e7o do Santander \u00e9 a queda do lucro e o aumento das Provis\u00f5es para Devedores Duvidosos (PDD). Esses dados indicam uma deteriora\u00e7\u00e3o na qualidade dos ativos. Al\u00e9m disso, em compara\u00e7\u00e3o [&hellip;]<\/p>\n","protected":false},"author":2,"featured_media":14117,"comment_status":"","ping_status":"","sticky":false,"template":"","format":"standard","meta":{"footnotes":""},"categories":[3],"tags":[],"class_list":["post-14118","post","type-post","status-publish","format-standard","has-post-thumbnail","hentry","category-noticias"],"_links":{"self":[{"href":"https:\/\/hostnetart.com.br\/baixada\/wp-json\/wp\/v2\/posts\/14118","targetHints":{"allow":["GET"]}}],"collection":[{"href":"https:\/\/hostnetart.com.br\/baixada\/wp-json\/wp\/v2\/posts"}],"about":[{"href":"https:\/\/hostnetart.com.br\/baixada\/wp-json\/wp\/v2\/types\/post"}],"author":[{"embeddable":true,"href":"https:\/\/hostnetart.com.br\/baixada\/wp-json\/wp\/v2\/users\/2"}],"replies":[{"embeddable":true,"href":"https:\/\/hostnetart.com.br\/baixada\/wp-json\/wp\/v2\/comments?post=14118"}],"version-history":[{"count":0,"href":"https:\/\/hostnetart.com.br\/baixada\/wp-json\/wp\/v2\/posts\/14118\/revisions"}],"wp:featuredmedia":[{"embeddable":true,"href":"https:\/\/hostnetart.com.br\/baixada\/wp-json\/wp\/v2\/media\/14117"}],"wp:attachment":[{"href":"https:\/\/hostnetart.com.br\/baixada\/wp-json\/wp\/v2\/media?parent=14118"}],"wp:term":[{"taxonomy":"category","embeddable":true,"href":"https:\/\/hostnetart.com.br\/baixada\/wp-json\/wp\/v2\/categories?post=14118"},{"taxonomy":"post_tag","embeddable":true,"href":"https:\/\/hostnetart.com.br\/baixada\/wp-json\/wp\/v2\/tags?post=14118"}],"curies":[{"name":"wp","href":"https:\/\/api.w.org\/{rel}","templated":true}]}}