{"id":14116,"date":"2023-05-24T13:30:50","date_gmt":"2023-05-24T16:30:50","guid":{"rendered":"https:\/\/hostnetart.com.br\/baixada\/caixa-vai-contratar-800-aprovados-no-concurso-de-2014\/"},"modified":"2023-05-24T13:30:50","modified_gmt":"2023-05-24T16:30:50","slug":"caixa-vai-contratar-800-aprovados-no-concurso-de-2014","status":"publish","type":"post","link":"https:\/\/hostnetart.com.br\/baixada\/caixa-vai-contratar-800-aprovados-no-concurso-de-2014\/","title":{"rendered":"Caixa vai contratar 800 aprovados no concurso de 2014"},"content":{"rendered":"<div class=\"elementor-element elementor-element-194680ec elementor-widget elementor-widget-theme-post-content\" data-id=\"194680ec\" data-element_type=\"widget\" data-widget_type=\"theme-post-content.default\">\n<div class=\"elementor-widget-container\">\n<p>A Caixa Econ\u00f4mica Federal comunicou \u00e0 Confedera\u00e7\u00e3o Nacional dos Trabalhadores do Ramo Financeiro (Contraf-CUT) e \u00e0 Federa\u00e7\u00e3o Nacional das Associa\u00e7\u00f5es do Pessoal da Caixa (Fenae), na noite desta ter\u00e7a-feira (23), que vai contratar 800 aprovados no concurso de 2014. \u201cAs empregadas e os empregados est\u00e3o sobrecarregados. H\u00e1 anos cobramos a recomposi\u00e7\u00e3o do quadro de pessoal e,\u00a0<a href=\"https:\/\/contrafcut.com.br\/noticias\/empregados-querem-fim-da-cultura-do-assedio-na-caixa\" target=\"_blank\" rel=\"noopener noreferrer\">na nossa \u00faltima reuni\u00e3o de negocia\u00e7\u00e3o<\/a>, ocorrida na sexta-feira (19), reiteramos a urg\u00eancia do atendimento de nossa reivindica\u00e7\u00e3o, numa tentativa de sanar o problema de sobrecarga e dos costumeiros problemas de sa\u00fade que ela causa aos empregados. Al\u00e9m disso, com um quadro de trabalho maior, podemos atender melhor a popula\u00e7\u00e3o\u201d, disse a coordenadora da Comiss\u00e3o Executiva dos Empregados (CEE) da Caixa, Fabiana Uehara Proscholdt.<\/p>\n<p>Dados do\u00a0<a href=\"https:\/\/contrafcut.com.br\/noticias\/lucro-da-caixa-chega-a-r-19-bi-no-primeiro-trimestre\" target=\"_blank\" rel=\"noopener noreferrer\">\u00faltimo balan\u00e7o divulgado pela Caixa<\/a>\u00a0mostram que o banco encerrou o 1\u00ba trimestre de 2023 com 86.741 empregados, 109 a menos em um ano. Mas, al\u00e9m da queda no n\u00famero de trabalhadores, houve aumento de aproximadamente 5 milh\u00f5es de novos clientes no per\u00edodo, elevando, desta forma, o n\u00famero de clientes a serem atendidos para 1.744 por empregado.<\/p>\n<h3><strong>Queremos mais<\/strong><\/h3>\n<p>\u201cMais do que uma excelente not\u00edcia, a contrata\u00e7\u00e3o de 800 aprovados no concurso \u00e9 uma conquista do movimento. Com certeza ajuda a aliviar a sobrecarga. Mas, \u00e9 insuficiente para recompor o quadro de pessoal, que vem sendo reduzido no decorrer dos anos\u201d, observou o presidente da Fenae, Sergio Takemoto. \u201cEstas 800 contrata\u00e7\u00f5es s\u00e3o bem-vindas, mas \u00e9 preciso aumentar o teto de empregados e contratar mais\u201d, completou.<\/p>\n<p>Em 2014, quando o concurso foi realizado, a Caixa contava com 101.484 empregados. Considerando os n\u00fameros do balan\u00e7o do primeiro trimestre de 2023, s\u00e3o 14.743 postos de trabalho a menos.<\/p>\n<\/div>\n<\/div>\n<div class=\"elementor-element elementor-element-12fb8eb elementor-widget elementor-widget-heading\" data-id=\"12fb8eb\" data-element_type=\"widget\" data-widget_type=\"heading.default\">\n<div class=\"elementor-widget-container\">\n<h2 class=\"elementor-heading-title elementor-size-medium\"><strong>Fonte: Contraf-CUT<\/strong><\/h2>\n<\/div>\n<\/div>\n","protected":false},"excerpt":{"rendered":"<p>A Caixa Econ\u00f4mica Federal comunicou \u00e0 Confedera\u00e7\u00e3o Nacional dos Trabalhadores do Ramo Financeiro (Contraf-CUT) e \u00e0 Federa\u00e7\u00e3o Nacional das Associa\u00e7\u00f5es do Pessoal da Caixa (Fenae), na noite desta ter\u00e7a-feira (23), que vai contratar 800 aprovados no concurso de 2014. \u201cAs empregadas e os empregados est\u00e3o sobrecarregados. H\u00e1 anos cobramos a recomposi\u00e7\u00e3o do quadro de pessoal [&hellip;]<\/p>\n","protected":false},"author":2,"featured_media":14115,"comment_status":"","ping_status":"","sticky":false,"template":"","format":"standard","meta":{"footnotes":""},"categories":[3],"tags":[],"class_list":["post-14116","post","type-post","status-publish","format-standard","has-post-thumbnail","hentry","category-noticias"],"_links":{"self":[{"href":"https:\/\/hostnetart.com.br\/baixada\/wp-json\/wp\/v2\/posts\/14116","targetHints":{"allow":["GET"]}}],"collection":[{"href":"https:\/\/hostnetart.com.br\/baixada\/wp-json\/wp\/v2\/posts"}],"about":[{"href":"https:\/\/hostnetart.com.br\/baixada\/wp-json\/wp\/v2\/types\/post"}],"author":[{"embeddable":true,"href":"https:\/\/hostnetart.com.br\/baixada\/wp-json\/wp\/v2\/users\/2"}],"replies":[{"embeddable":true,"href":"https:\/\/hostnetart.com.br\/baixada\/wp-json\/wp\/v2\/comments?post=14116"}],"version-history":[{"count":0,"href":"https:\/\/hostnetart.com.br\/baixada\/wp-json\/wp\/v2\/posts\/14116\/revisions"}],"wp:featuredmedia":[{"embeddable":true,"href":"https:\/\/hostnetart.com.br\/baixada\/wp-json\/wp\/v2\/media\/14115"}],"wp:attachment":[{"href":"https:\/\/hostnetart.com.br\/baixada\/wp-json\/wp\/v2\/media?parent=14116"}],"wp:term":[{"taxonomy":"category","embeddable":true,"href":"https:\/\/hostnetart.com.br\/baixada\/wp-json\/wp\/v2\/categories?post=14116"},{"taxonomy":"post_tag","embeddable":true,"href":"https:\/\/hostnetart.com.br\/baixada\/wp-json\/wp\/v2\/tags?post=14116"}],"curies":[{"name":"wp","href":"https:\/\/api.w.org\/{rel}","templated":true}]}}