{"id":14114,"date":"2023-05-23T15:00:50","date_gmt":"2023-05-23T18:00:50","guid":{"rendered":"https:\/\/hostnetart.com.br\/baixada\/sindicato-dos-bancarios-da-baixada-fluminense-faz-caravana-em-nova-iguacu\/"},"modified":"2023-05-23T15:00:50","modified_gmt":"2023-05-23T18:00:50","slug":"sindicato-dos-bancarios-da-baixada-fluminense-faz-caravana-em-nova-iguacu","status":"publish","type":"post","link":"https:\/\/hostnetart.com.br\/baixada\/sindicato-dos-bancarios-da-baixada-fluminense-faz-caravana-em-nova-iguacu\/","title":{"rendered":"Sindicato dos Banc\u00e1rios da Baixada Fluminense faz caravana em Nova Igua\u00e7u"},"content":{"rendered":"<div>O Sindicato dos Banc\u00e1rios da Baixada Fluminense segue percorrendo os munic\u00edpios de sua base para protestar contra o fechamento de ag\u00eancias e demiss\u00f5es praticados pelos grandes bancos privados.\u00a0<\/div>\n<div>\u00a0<\/div>\n<div>Desta vez, os atos ocorreram nas ag\u00eancias do Bradesco, Ita\u00fa e Santander\u00a0de Nova Igua\u00e7u, nesta ter\u00e7a-feira, 23 de maio.<\/div>\n<div>\u00a0<\/div>\n<div>As diretoras e diretores do Sindicato conversaram com as funcion\u00e1rias e funcion\u00e1rios dos bancos, com clientes e usu\u00e1rios, e explicaram que o fechamento de ag\u00eancias banc\u00e1rias, de bancos privados e p\u00fablicos, para privilegiar o atendimento virtual, por meio de aplicativos e o uso de caixas eletr\u00f4nicos, j\u00e1 deixou mais de 40% dos munic\u00edpios brasileiros sem atendimento, segundo dados do Banco Central.<\/div>\n<div>\u00a0<\/div>\n<div>Os dirigentes sindicais tamb\u00e9m alertaram para os desdobramentos de quando uma ag\u00eancia \u00e9 fechada: funcion\u00e1rios demitidos ou remanejados, e a popula\u00e7\u00e3o sem acesso ao servi\u00e7o banc\u00e1rio fundamental no dia a dia. Tamb\u00e9m esclareceram que bancos s\u00e3o concess\u00f5es p\u00fablicas e uma de suas obriga\u00e7\u00f5es e compromissos, \u00e9 a do atendimento presencial aos clientes.<\/div>\n<div>\u00a0<\/div>\n<div>Foram distribu\u00eddos informativos sobre a campanha \u201cAtendimento presencial nos bancos: \u00e9 seu direito!\u201c, produzida pela Federa\u00e7\u00e3o dos Trabalhadores do Ramo Financeiro dos Estados do Rio de Janeiro e Esp\u00edrito Santo (Fetraf-RJ\/ES), da qual o Sindicato \u00e9 filiado.\u00a0<\/div>\n<div>\u00a0<\/div>\n<div>O protesto foi bem recebido pelos banc\u00e1rios e por quem passava nos locais onde ocorreram as manifesta\u00e7\u00f5es.<\/div>\n<div>\u00a0<\/div>\n<div>Al\u00e9m da caravana, as diretoras e diretores do Sindicato, falaram para os funcion\u00e1rios e popula\u00e7\u00e3o em geral, da cartilha lan\u00e7ada, tamb\u00e9m pela Fetraf RJ\/ES, sobre ass\u00e9dio moral.<\/div>\n<div>\u00a0<\/div>\n<div><b>IMPORTANTE<\/b><\/div>\n<div>\u00a0<\/div>\n<div>\u00c9 fundamental que banc\u00e1rias e banc\u00e1rios, logo que sejam informados de suas demiss\u00f5es, procurem imediatamente atendimento no Sindicato.<\/div>\n<div>\u00a0<\/div>\n<div><i>*confira mais fotos em nossas redes sociais<\/i><\/div>\n","protected":false},"excerpt":{"rendered":"<p>O Sindicato dos Banc\u00e1rios da Baixada Fluminense segue percorrendo os munic\u00edpios de sua base para protestar contra o fechamento de ag\u00eancias e demiss\u00f5es praticados pelos grandes bancos privados.\u00a0 \u00a0 Desta vez, os atos ocorreram nas ag\u00eancias do Bradesco, Ita\u00fa e Santander\u00a0de Nova Igua\u00e7u, nesta ter\u00e7a-feira, 23 de maio. \u00a0 As diretoras e diretores do Sindicato [&hellip;]<\/p>\n","protected":false},"author":2,"featured_media":14113,"comment_status":"","ping_status":"","sticky":false,"template":"","format":"standard","meta":{"footnotes":""},"categories":[3],"tags":[],"class_list":["post-14114","post","type-post","status-publish","format-standard","has-post-thumbnail","hentry","category-noticias"],"_links":{"self":[{"href":"https:\/\/hostnetart.com.br\/baixada\/wp-json\/wp\/v2\/posts\/14114","targetHints":{"allow":["GET"]}}],"collection":[{"href":"https:\/\/hostnetart.com.br\/baixada\/wp-json\/wp\/v2\/posts"}],"about":[{"href":"https:\/\/hostnetart.com.br\/baixada\/wp-json\/wp\/v2\/types\/post"}],"author":[{"embeddable":true,"href":"https:\/\/hostnetart.com.br\/baixada\/wp-json\/wp\/v2\/users\/2"}],"replies":[{"embeddable":true,"href":"https:\/\/hostnetart.com.br\/baixada\/wp-json\/wp\/v2\/comments?post=14114"}],"version-history":[{"count":0,"href":"https:\/\/hostnetart.com.br\/baixada\/wp-json\/wp\/v2\/posts\/14114\/revisions"}],"wp:featuredmedia":[{"embeddable":true,"href":"https:\/\/hostnetart.com.br\/baixada\/wp-json\/wp\/v2\/media\/14113"}],"wp:attachment":[{"href":"https:\/\/hostnetart.com.br\/baixada\/wp-json\/wp\/v2\/media?parent=14114"}],"wp:term":[{"taxonomy":"category","embeddable":true,"href":"https:\/\/hostnetart.com.br\/baixada\/wp-json\/wp\/v2\/categories?post=14114"},{"taxonomy":"post_tag","embeddable":true,"href":"https:\/\/hostnetart.com.br\/baixada\/wp-json\/wp\/v2\/tags?post=14114"}],"curies":[{"name":"wp","href":"https:\/\/api.w.org\/{rel}","templated":true}]}}