{"id":14110,"date":"2023-05-23T13:08:13","date_gmt":"2023-05-23T16:08:13","guid":{"rendered":"https:\/\/hostnetart.com.br\/baixada\/sindicalistas-debatem-impactos-da-digitalizacao-no-sistema-financeiro-sobre-trabalhadores\/"},"modified":"2023-05-23T13:08:13","modified_gmt":"2023-05-23T16:08:13","slug":"sindicalistas-debatem-impactos-da-digitalizacao-no-sistema-financeiro-sobre-trabalhadores","status":"publish","type":"post","link":"https:\/\/hostnetart.com.br\/baixada\/sindicalistas-debatem-impactos-da-digitalizacao-no-sistema-financeiro-sobre-trabalhadores\/","title":{"rendered":"Sindicalistas debatem impactos da digitaliza\u00e7\u00e3o no sistema financeiro sobre trabalhadores"},"content":{"rendered":"<p>Dirigentes de sindicatos de trabalhadores do ramo financeiro da Argentina, Uruguai e Brasil participaram, nos dias 15 e 16 de maio, de um encontro promovido pela Uni Am\u00e9ricas Finan\u00e7as sobre os impactos da digitaliza\u00e7\u00e3o no sistema financeiro sobre a classe trabalhadora. O encontro aconteceu em Buenos Aires, na Argentina.<\/p>\n<p>Na abertura do encontro, o vice-presidente da Confedera\u00e7\u00e3o Nacional dos Trabalhadores do Ramo Financeiro da CUT (Contraf-CUT), Vin\u00edcius Assump\u00e7\u00e3o, falou sobre a import\u00e2ncia do debate internacional em torno dos problemas enfrentados pelos trabalhadores do ramo financeiro. \u201cEstamos observando um movimento acelerado, a partir da digitaliza\u00e7\u00e3o do sistema financeiro, de pulveriza\u00e7\u00e3o desses trabalhadores em diversas categorias, sem os direitos conquistados. Ent\u00e3o, mais do que nunca, precisamos buscar, coletivamente, a\u00e7\u00f5es para combater os impactos negativos sobre o mercado de trabalho. Afinal o que afeta os trabalhadores do setor no Brasil, tamb\u00e9m afeta na Argentina, Uruguai e demais pa\u00edses\u201d, analisou. \u201cA velocidade \u00e9 grande nas transforma\u00e7\u00f5es e o sistema age globalmente. Por isso, a import\u00e2ncia de agirmos da mesma forma, globalmente\u201d, completou.<\/p>\n<p>\u201cAo contr\u00e1rio das revolu\u00e7\u00f5es industriais anteriores, que tiveram impacto muito notadamente em empregos de baixa qualifica\u00e7\u00e3o, as tecnologias do momento atual t\u00eam capacidade potencial para afetar tamb\u00e9m empregos de alta qualifica\u00e7\u00e3o, como advogados, m\u00e9dicos e banc\u00e1rios, por exemplo\u201d, alertou a economista Catia Uehara, do Departamento Intersindical de Estat\u00edstica e Estudos Socioecon\u00f4micos (Dieese), durante explana\u00e7\u00e3o sobre Digitaliza\u00e7\u00e3o, Uber Financeiro e Plataformiza\u00e7\u00e3o.<\/p>\n<p>Para o secret\u00e1rio de Forma\u00e7\u00e3o da Contraf-CUT, Rafael Zanon, que participou da mesma mesa de debates, o grau de difus\u00e3o setorial das novas tecnologias tamb\u00e9m consiste em elemento novo a ser considerado. \u201cSe antes o trabalhador que atuava em determinado setor espec\u00edfico impactado pela inova\u00e7\u00e3o tecnol\u00f3gica tinha a possibilidade de buscar emprego em outro setor de atividade econ\u00f4mica, hoje esse caminho parece mais dif\u00edcil na medida em que muitos setores est\u00e3o passando por processos de transforma\u00e7\u00e3o intensa\u201d, disse.<\/p>\n<h3>Outros temas de debate<\/h3>\n<p>Durante os dois dias do encontro tamb\u00e9m foram realizadas palestras sobre o que foi discutido na primeira reuni\u00e3o tripartite na Organiza\u00e7\u00e3o Mundial do Trabalho (OIT) a respeito do impacto da digitaliza\u00e7\u00e3o do sistema financeiro; os desafios dos sindicatos na reestrutura\u00e7\u00e3o financeira; e caminhos para lidar com a disruptura financeira. Esses temas foram apresentados por representantes da Asociaci\u00f3n de Bancarios del Uruguay (AEBU) e da La Banc\u00e1ria \u2013 Sociedad de Empregados de Banco da Argentina.<\/p>\n<p>\u201c\u00c9 importante parabenizar a Uni Am\u00e9ricas Finan\u00e7as por promover um debate t\u00e3o importante para a classe trabalhadora, notadamente do setor financeiro, que tem sido extremamente impactada por esses processos de digitaliza\u00e7\u00e3o\u201d, observou a presidenta da UNI Finan\u00e7as Mundial, Rita Berlofa, que tamb\u00e9m \u00e9 secret\u00e1ria de Rela\u00e7\u00f5es Internacionais da Contraf-CUT. \u201cEstamos assistindo, nestes \u00faltimos anos, o\u00a0<a href=\"https:\/\/contrafcut.com.br\/noticias\/setor-bancario-apresenta-saldo-negativo-de-emprego-pelo-sexto-mes-consecutivo\/\" target=\"_blank\" rel=\"noopener noreferrer\">fechamento de postos de trabalho e de ag\u00eancias, num movimento acelerado<\/a>. Ent\u00e3o, \u00e9 cada vez mais importante fazer debates para encontrarmos solu\u00e7\u00f5es para essas novas faces da empregabilidade, para reduzir o impacto da digitaliza\u00e7\u00e3o no setor de finan\u00e7as\u201d, completou.<\/p>\n<p>Entre 2013 e 2023, s\u00f3 no Brasil, foram mais de 77 mil postos de trabalho cortados pelos bancos. Num per\u00edodo um pouco mais longo, entre 1994 e 2021, o peso da categoria banc\u00e1ria no emprego formal no ramo financeiro do pa\u00eds caiu de 80% para 44%. E, entre 2022 e 2019, a sindicaliza\u00e7\u00e3o no ramo financeiro brasileiro sofreu queda de 45,5% para 19,5%. Esses foram alguns dados apresentados no encontro. \u201cA digitaliza\u00e7\u00e3o, ou seja, as inova\u00e7\u00f5es tecnol\u00f3gicas todas n\u00e3o podem acontecer somente para impactar a classe trabalhadora, rendendo lucros para os acionistas. Por isso temos cobrado a responsabilidade dos bancos na manuten\u00e7\u00e3o dos empregos. Para isso, nada melhor do que a redu\u00e7\u00e3o da jornada de trabalho, n\u00e3o apenas para garantir os atuais empregos, mas tamb\u00e9m para que os bancos e as empresas do ramo financeiro cumpram seu papel social\u201d, destacou ainda Rita.<\/p>\n<h3>Uberiza\u00e7\u00e3o<\/h3>\n<p>A \u201cuberiza\u00e7\u00e3o\u201d, modelo de trabalho onde as plataformas digitais obt\u00eam o m\u00e1ximo de lucro com a m\u00e3o de obra sem que haja qualquer v\u00ednculo empregat\u00edcio, tamb\u00e9m foi abordada na mesa de debates sobre Digitaliza\u00e7\u00e3o, Uber Financeiro e Plataformiza\u00e7\u00e3o. \u201cN\u00f3s mostramos que, apesar de se apresentarem como mais flex\u00edveis e darem mais liberdade aos trabalhadores, as empresas detentoras dos aplicativos devem ser responsabilizadas em termos de rela\u00e7\u00f5es de trabalho no campo do direito trabalhista\u201d, destacou Zanon.<\/p>\n<p>Os palestrantes tamb\u00e9m pontuaram que a rela\u00e7\u00e3o de subordina\u00e7\u00e3o empregado-empregador se d\u00e1 por meio da gest\u00e3o dos algoritmos, justamente definida pela empresa-plataforma. \u201cA gest\u00e3o algor\u00edtmica estabelece uma rela\u00e7\u00e3o de subordina\u00e7\u00e3o dos trabalhadores e trabalhadoras: regras e ritmo de trabalhos, jornadas, bonifica\u00e7\u00e3o etc.\u201d, ressaltou C\u00e1tia Uehara. \u201cA falta de regula\u00e7\u00e3o da atua\u00e7\u00e3o dessas empresas tem produzido rela\u00e7\u00f5es de trabalho precarizadas, tem resultado em subtributa\u00e7\u00e3o [tributa\u00e7\u00e3o reduzida] dessas empresas-plataforma, com destaque para a seguridade social, com custos que s\u00e3o financiados pela sociedade\/Estado sem a contrapartida da empresa\u201d, completou.<\/p>\n<p>Os expositores brasileiros destacaram que, no Brasil, a Central \u00danica dos Trabalhadores (CUT) criou um grupo de trabalho, tendo como premissa inicial as Conven\u00e7\u00f5es Internacionais do Trabalho, para debater propostas de regulamenta\u00e7\u00e3o dos servi\u00e7os das plataformas e garantia de direitos aos trabalhadores. Tamb\u00e9m lembraram que o Minist\u00e9rio do Trabalho e Emprego do governo Lula criou um grupo de trabalho tripartite, com prazo m\u00e1ximo de 300 dias, para discutir o assunto.<\/p>\n<p>\u201cA premissa inicial da proposta da CUT \u00e9 que as empresas-plataforma precisam de uma regula\u00e7\u00e3o adequada, de acordo com a atividade econ\u00f4mica que de fato realizam. Essa regula\u00e7\u00e3o adequada permite, al\u00e9m da cobran\u00e7a da tributa\u00e7\u00e3o pertinente ao risco da atividade e \u00e0s demais externalidades sociais e econ\u00f4micas por ela causadas, o cumprimento do arcabou\u00e7o trabalhista j\u00e1 definido para determinada atividade\u201d, concluiu a economista do Dieese.<\/p>\n<p><strong>Fonte: Contraf-CUT<\/strong><\/p>\n","protected":false},"excerpt":{"rendered":"<p>Dirigentes de sindicatos de trabalhadores do ramo financeiro da Argentina, Uruguai e Brasil participaram, nos dias 15 e 16 de maio, de um encontro promovido pela Uni Am\u00e9ricas Finan\u00e7as sobre os impactos da digitaliza\u00e7\u00e3o no sistema financeiro sobre a classe trabalhadora. O encontro aconteceu em Buenos Aires, na Argentina. Na abertura do encontro, o vice-presidente [&hellip;]<\/p>\n","protected":false},"author":2,"featured_media":14109,"comment_status":"","ping_status":"","sticky":false,"template":"","format":"standard","meta":{"footnotes":""},"categories":[3],"tags":[],"class_list":["post-14110","post","type-post","status-publish","format-standard","has-post-thumbnail","hentry","category-noticias"],"_links":{"self":[{"href":"https:\/\/hostnetart.com.br\/baixada\/wp-json\/wp\/v2\/posts\/14110","targetHints":{"allow":["GET"]}}],"collection":[{"href":"https:\/\/hostnetart.com.br\/baixada\/wp-json\/wp\/v2\/posts"}],"about":[{"href":"https:\/\/hostnetart.com.br\/baixada\/wp-json\/wp\/v2\/types\/post"}],"author":[{"embeddable":true,"href":"https:\/\/hostnetart.com.br\/baixada\/wp-json\/wp\/v2\/users\/2"}],"replies":[{"embeddable":true,"href":"https:\/\/hostnetart.com.br\/baixada\/wp-json\/wp\/v2\/comments?post=14110"}],"version-history":[{"count":0,"href":"https:\/\/hostnetart.com.br\/baixada\/wp-json\/wp\/v2\/posts\/14110\/revisions"}],"wp:featuredmedia":[{"embeddable":true,"href":"https:\/\/hostnetart.com.br\/baixada\/wp-json\/wp\/v2\/media\/14109"}],"wp:attachment":[{"href":"https:\/\/hostnetart.com.br\/baixada\/wp-json\/wp\/v2\/media?parent=14110"}],"wp:term":[{"taxonomy":"category","embeddable":true,"href":"https:\/\/hostnetart.com.br\/baixada\/wp-json\/wp\/v2\/categories?post=14110"},{"taxonomy":"post_tag","embeddable":true,"href":"https:\/\/hostnetart.com.br\/baixada\/wp-json\/wp\/v2\/tags?post=14110"}],"curies":[{"name":"wp","href":"https:\/\/api.w.org\/{rel}","templated":true}]}}