{"id":14108,"date":"2023-05-22T19:53:34","date_gmt":"2023-05-22T22:53:34","guid":{"rendered":"https:\/\/hostnetart.com.br\/baixada\/movimento-sindical-pede-retirada-do-patrocinio-do-santander-a-la-liga\/"},"modified":"2023-05-22T19:53:34","modified_gmt":"2023-05-22T22:53:34","slug":"movimento-sindical-pede-retirada-do-patrocinio-do-santander-a-la-liga","status":"publish","type":"post","link":"https:\/\/hostnetart.com.br\/baixada\/movimento-sindical-pede-retirada-do-patrocinio-do-santander-a-la-liga\/","title":{"rendered":"Movimento Sindical pede retirada do patroc\u00ednio do Santander \u00e0 La Liga"},"content":{"rendered":"<p>O Movimento Sindical, atrav\u00e9s da Confedera\u00e7\u00e3o Nacional dos Trabalhadores do Ramo Financeiro (Contraf-CUT), da qual o Sindicato dos Banc\u00e1rios da Baixada Fluminense \u00e9 filiado, reivindica a retirada do patroc\u00ednio do banco Santander \u00e0 La Liga espanhola, pelos seguidos <a href=\"https:\/\/www.cut.org.br\/noticias\/sem-baixar-a-cabeca-vini-jr-tem-postura-firme-apos-novo-episodio-racista-20a2\">atos de racismo direcionados ao jogador brasileiro Vin\u00edcius J\u00fanior<\/a> durante o campeonato.<\/p>\n<p>Rita Berlofa, funcion\u00e1ria do Santander e secret\u00e1ria de Rela\u00e7\u00f5es Internacionais da Contraf-CUT, declarou que, \u201cembora o banco j\u00e1 tenha emitido uma nota repudiando qualquer ato de racismo, deveria retirar imediatamente seu patroc\u00ednio da liga\u201d. Ela enfatizou que \u00e9 inaceit\u00e1vel o nome do banco estar associado a atos t\u00e3o absurdos. Berlofa ainda ressaltou que, \u201cno Brasil, o racismo \u00e9 considerado crime, e o fato de o Santander patrocinar uma liga envolvida em atos racistas \u00e9 extremamente preocupante\u201d.<\/p>\n<p>Almir Aguiar, secret\u00e1rio de Combate ao Racismo da Contraf-CUT, tamb\u00e9m se manifestou, afirmando que o racismo no futebol espanhol tem se tornado uma mancha no esporte internacional. Almir destacou que, \u201cenquanto a beleza do futebol de Vin\u00edcius J\u00fanior encanta uma parcela dos torcedores, outra parte exp\u00f5e seus sentimentos perversos atrav\u00e9s de agress\u00f5es racistas\u201d. O jogador j\u00e1 foi alvo de v\u00e1rias dessas agress\u00f5es. O secret\u00e1rio elogiou a cobran\u00e7a feita pelo presidente Luiz In\u00e1cio Lula da Silva durante sua passagem pelo Jap\u00e3o, ressaltando sua import\u00e2ncia e grande repercuss\u00e3o. Ele enfatizou que a Fifa precisa intervir com puni\u00e7\u00f5es severas e declarou: \u201cBasta de racismo! Todo apoio ao Vinicius J\u00fanior\u201d.<\/p>\n<p>O posicionamento da Contraf-CUT reflete a indigna\u00e7\u00e3o em rela\u00e7\u00e3o aos atos racistas ocorridos na La Liga, destacando a necessidade de medidas mais en\u00e9rgicas e efetivas para combater o racismo no futebol internacional. A entidade sindical conclama o Santander a reconsiderar seu patroc\u00ednio \u00e0 liga espanhola, visando enviar uma mensagem clara de rejei\u00e7\u00e3o a quaisquer manifesta\u00e7\u00f5es discriminat\u00f3rias.<\/p>\n<p><strong>Fonte: Contraf-CUT<\/strong><\/p>\n","protected":false},"excerpt":{"rendered":"<p>O Movimento Sindical, atrav\u00e9s da Confedera\u00e7\u00e3o Nacional dos Trabalhadores do Ramo Financeiro (Contraf-CUT), da qual o Sindicato dos Banc\u00e1rios da Baixada Fluminense \u00e9 filiado, reivindica a retirada do patroc\u00ednio do banco Santander \u00e0 La Liga espanhola, pelos seguidos atos de racismo direcionados ao jogador brasileiro Vin\u00edcius J\u00fanior durante o campeonato. Rita Berlofa, funcion\u00e1ria do Santander [&hellip;]<\/p>\n","protected":false},"author":2,"featured_media":14107,"comment_status":"","ping_status":"","sticky":false,"template":"","format":"standard","meta":{"footnotes":""},"categories":[3],"tags":[],"class_list":["post-14108","post","type-post","status-publish","format-standard","has-post-thumbnail","hentry","category-noticias"],"_links":{"self":[{"href":"https:\/\/hostnetart.com.br\/baixada\/wp-json\/wp\/v2\/posts\/14108","targetHints":{"allow":["GET"]}}],"collection":[{"href":"https:\/\/hostnetart.com.br\/baixada\/wp-json\/wp\/v2\/posts"}],"about":[{"href":"https:\/\/hostnetart.com.br\/baixada\/wp-json\/wp\/v2\/types\/post"}],"author":[{"embeddable":true,"href":"https:\/\/hostnetart.com.br\/baixada\/wp-json\/wp\/v2\/users\/2"}],"replies":[{"embeddable":true,"href":"https:\/\/hostnetart.com.br\/baixada\/wp-json\/wp\/v2\/comments?post=14108"}],"version-history":[{"count":0,"href":"https:\/\/hostnetart.com.br\/baixada\/wp-json\/wp\/v2\/posts\/14108\/revisions"}],"wp:featuredmedia":[{"embeddable":true,"href":"https:\/\/hostnetart.com.br\/baixada\/wp-json\/wp\/v2\/media\/14107"}],"wp:attachment":[{"href":"https:\/\/hostnetart.com.br\/baixada\/wp-json\/wp\/v2\/media?parent=14108"}],"wp:term":[{"taxonomy":"category","embeddable":true,"href":"https:\/\/hostnetart.com.br\/baixada\/wp-json\/wp\/v2\/categories?post=14108"},{"taxonomy":"post_tag","embeddable":true,"href":"https:\/\/hostnetart.com.br\/baixada\/wp-json\/wp\/v2\/tags?post=14108"}],"curies":[{"name":"wp","href":"https:\/\/api.w.org\/{rel}","templated":true}]}}