{"id":14106,"date":"2023-05-19T15:41:08","date_gmt":"2023-05-19T18:41:08","guid":{"rendered":"https:\/\/hostnetart.com.br\/baixada\/funcionario-do-itau-e-reintegrado-pelo-sindicato-dos-bancarios-da-baixada-fluminense-2\/"},"modified":"2023-05-19T15:41:08","modified_gmt":"2023-05-19T18:41:08","slug":"funcionario-do-itau-e-reintegrado-pelo-sindicato-dos-bancarios-da-baixada-fluminense-2","status":"publish","type":"post","link":"https:\/\/hostnetart.com.br\/baixada\/funcionario-do-itau-e-reintegrado-pelo-sindicato-dos-bancarios-da-baixada-fluminense-2\/","title":{"rendered":"Funcion\u00e1rio do Ita\u00fa \u00e9 reintegrado pelo Sindicato dos Banc\u00e1rios da Baixada Fluminense"},"content":{"rendered":"<p>Semana fechando com boas not\u00edcias: o\u00a0Sindicato dos Banc\u00e1rios da Baixada Fluminense reintegrou mais um\u00a0funcion\u00e1rio do Banco Ita\u00fa.<\/p>\n<p>Carlos Augusto Motta foi reintegrado nesta sexta-feira, 19 de maio, na ag\u00eancia de Santa Cruz da Serra.<\/p>\n<p>A reintegra\u00e7\u00e3o foi acompanhada pelos diretores Jos\u00e9 La\u00e9rcio e Newton Fran\u00e7a.<\/p>\n<p>O banc\u00e1rio, quando foi demitido, estava acometido com doen\u00e7a ocupacional.<\/p>\n<p>Esta foi mais uma injusti\u00e7a cometida pelos grandes bancos que o Sindicato consegue reverter.<\/p>\n<p><strong>IMPORTANTE<\/strong><\/p>\n<p>O trabalhador banc\u00e1rio \u00e9 sindicalizado e, logo ap\u00f3s seu desligamento, procurou atendimento no Sindicato dos Banc\u00e1rios da Baixada Fluminense, onde foi prontamente atendido pelos Departamentos Jur\u00eddico e de Sa\u00fade.<\/p>\n<p>\u00c9 fundamental que banc\u00e1rias e banc\u00e1rios, logo que sejam informados de suas demiss\u00f5es, procurem imediatamente atendimento no Sindicato.<\/p>\n<p><strong>ATENDIMENTO JUR\u00cdDICO PRESENCIAL<\/strong><\/p>\n<p>Nova Igua\u00e7u\u00a0&#8211; \u00e0s ter\u00e7as-feiras, das\u00a014 horas \u00e0s 17 horas (telefone:\u00a021 &#8211; 2658-8041)<\/p>\n<p>Duque de Caxias\u00a0&#8211; \u00e0s quintas-feiras, das 9 horas \u00e0s 13 horas (telefone: 21 \/ 26710-110)<\/p>\n<p><strong>SINDICALIZE-SE<\/strong><\/p>\n","protected":false},"excerpt":{"rendered":"<p>Semana fechando com boas not\u00edcias: o\u00a0Sindicato dos Banc\u00e1rios da Baixada Fluminense reintegrou mais um\u00a0funcion\u00e1rio do Banco Ita\u00fa. Carlos Augusto Motta foi reintegrado nesta sexta-feira, 19 de maio, na ag\u00eancia de Santa Cruz da Serra. A reintegra\u00e7\u00e3o foi acompanhada pelos diretores Jos\u00e9 La\u00e9rcio e Newton Fran\u00e7a. O banc\u00e1rio, quando foi demitido, estava acometido com doen\u00e7a ocupacional. [&hellip;]<\/p>\n","protected":false},"author":2,"featured_media":14105,"comment_status":"","ping_status":"","sticky":false,"template":"","format":"standard","meta":{"footnotes":""},"categories":[3],"tags":[],"class_list":["post-14106","post","type-post","status-publish","format-standard","has-post-thumbnail","hentry","category-noticias"],"_links":{"self":[{"href":"https:\/\/hostnetart.com.br\/baixada\/wp-json\/wp\/v2\/posts\/14106","targetHints":{"allow":["GET"]}}],"collection":[{"href":"https:\/\/hostnetart.com.br\/baixada\/wp-json\/wp\/v2\/posts"}],"about":[{"href":"https:\/\/hostnetart.com.br\/baixada\/wp-json\/wp\/v2\/types\/post"}],"author":[{"embeddable":true,"href":"https:\/\/hostnetart.com.br\/baixada\/wp-json\/wp\/v2\/users\/2"}],"replies":[{"embeddable":true,"href":"https:\/\/hostnetart.com.br\/baixada\/wp-json\/wp\/v2\/comments?post=14106"}],"version-history":[{"count":0,"href":"https:\/\/hostnetart.com.br\/baixada\/wp-json\/wp\/v2\/posts\/14106\/revisions"}],"wp:featuredmedia":[{"embeddable":true,"href":"https:\/\/hostnetart.com.br\/baixada\/wp-json\/wp\/v2\/media\/14105"}],"wp:attachment":[{"href":"https:\/\/hostnetart.com.br\/baixada\/wp-json\/wp\/v2\/media?parent=14106"}],"wp:term":[{"taxonomy":"category","embeddable":true,"href":"https:\/\/hostnetart.com.br\/baixada\/wp-json\/wp\/v2\/categories?post=14106"},{"taxonomy":"post_tag","embeddable":true,"href":"https:\/\/hostnetart.com.br\/baixada\/wp-json\/wp\/v2\/tags?post=14106"}],"curies":[{"name":"wp","href":"https:\/\/api.w.org\/{rel}","templated":true}]}}