{"id":14102,"date":"2023-05-19T13:52:12","date_gmt":"2023-05-19T16:52:12","guid":{"rendered":"https:\/\/hostnetart.com.br\/baixada\/impactos-financeiros-ainda-sao-entraves-para-fim-da-funcao-por-minuto-na-caixa\/"},"modified":"2023-05-19T13:52:12","modified_gmt":"2023-05-19T16:52:12","slug":"impactos-financeiros-ainda-sao-entraves-para-fim-da-funcao-por-minuto-na-caixa","status":"publish","type":"post","link":"https:\/\/hostnetart.com.br\/baixada\/impactos-financeiros-ainda-sao-entraves-para-fim-da-funcao-por-minuto-na-caixa\/","title":{"rendered":"Impactos financeiros ainda s\u00e3o entraves para fim da fun\u00e7\u00e3o por minuto na Caixa"},"content":{"rendered":"<p>Representantes da Caixa Econ\u00f4mica Federal e dos empregados se reuniram na tarde desta quinta-feira (18) para tratar de quest\u00f5es espec\u00edficas dos trabalhadores que exercem as fun\u00e7\u00f5es de caixas, tesoureiros e avaliadores de penhor. O banco est\u00e1 analisando o fim da designa\u00e7\u00e3o das fun\u00e7\u00f5es por minuto, um dos pontos fundamentais do debate.<\/p>\n<p>\u201cA reuni\u00e3o foi boa. O banco tem se mostrado mais aberto ao debate e j\u00e1 atendeu algumas das demandas que colocamos, como o acesso direto das esta\u00e7\u00f5es financeiras \u00e0 intranet e o ajuste dos gaveteiros de numer\u00e1rios\u201d, avaliou a coordenadora da Comiss\u00e3o Executiva dos Empregados (CEE) da Caixa, Fabiana Uehara Proscholdt. \u201cAl\u00e9m disso, o banco est\u00e1 analisando o fim da fun\u00e7\u00e3o por minuto, mas disse que depende de uma reorganiza\u00e7\u00e3o da gest\u00e3o, pois a medida gera impactos financeiros\u201d, complementou.<\/p>\n<p>\u201cApesar de maior abertura no debate, ainda n\u00e3o h\u00e1 solu\u00e7\u00e3o. Ent\u00e3o, precisamos nos manter mobilizados\u201d, ressaltou o empregado da Caixa e dirigente da Confedera\u00e7\u00e3o Nacional dos Trabalhadores do Ramo Financeiro (Contraf-CUT), Rafael de Castro. \u201cEnquanto n\u00e3o for decidido, precisamos manter a press\u00e3o\u201d, completou.<\/p>\n<h3><strong>Gaveta de numer\u00e1rios<\/strong><\/h3>\n<p>Um dos pontos cobrados em reuni\u00f5es anteriores, o problema das gavetas de numer\u00e1rios, que \u201cengole\u201d c\u00e9dulas e causa diferen\u00e7a de caixa ser\u00e1 resolvido. O banco definiu que ser\u00e1 feito ajuste em unidades-piloto e que os representantes dos empregados poder\u00e3o participar indicando quais ser\u00e3o estas unidades.<\/p>\n<p>Com rela\u00e7\u00e3o aos caixas, outra reclama\u00e7\u00e3o foi sobre aos scanners que substitu\u00edram os leitores de c\u00f3digo de barras. \u201cEles simplesmente n\u00e3o funcionam. Os caixas n\u00e3o o utilizam e acabam digitando o c\u00f3digo de barras, o que torna o atendimento mais trabalhoso e lento\u201d, disse o caixa Lucas Fonseca da Cunha, representante da Federa\u00e7\u00e3o dos Trabalhadores do Ramo Financeiro do Rio Grande do Sul (Fetrafi\/RS).<\/p>\n<p>\u201cN\u00e3o sei por qual motivo tiraram os leitores de c\u00f3digo de barras. N\u00e3o existe necessidade de scanner no caixa. Colocaram uma carreta para fazer uma coisa que \u00e9 melhor de ser feita com um carro popular\u201d, comparou o caixa e representante da Federa\u00e7\u00e3o dos Banc\u00e1rios do Estado do Rio de Janeiro (Federa\/RJ), L\u00e9o Lima.<\/p>\n<p>O banco disse que a substitui\u00e7\u00e3o foi feita atendendo demanda de gestores e que os equipamentos foram instalados h\u00e1 menos de dois anos.<\/p>\n<p>\u201cJ\u00e1 estamos falando faz algum tempo para que, antes de serem comprados novos equipamentos, que os usu\u00e1rios sejam ouvidos e que sejam feitos testes para aprova\u00e7\u00e3o das m\u00e1quinas. S\u00e3o os empregados que podem falar melhor sobre as ferramentas que utilizam no seu dia a dia de trabalho\u201d, disse a coordenadora da CEE.<\/p>\n<h3><strong>Tesoureiros<\/strong><\/h3>\n<p>O banco tamb\u00e9m foi questionando sobre uma poss\u00edvel redu\u00e7\u00e3o da jornada de tesoureiros, de oito para seis horas, com orienta\u00e7\u00e3o para que n\u00e3o sejam autorizadas horas-extras para estes profissionais. O banco disse que n\u00e3o existe nenhuma orienta\u00e7\u00e3o neste sentido e que \u00e9 preciso analisar casos espec\u00edficos.<\/p>\n<h3><strong>Avaliadores de penhor<\/strong><\/h3>\n<p>O banco j\u00e1 implementou algumas das demandas dos avaliadores de penhor, como a habilita\u00e7\u00e3o, nos pr\u00f3ximos dias, do SISAG para autenticar guias de penhor de valores superiores a 10 mil reais. A demanda foi apresentada na reuni\u00e3o passada.<\/p>\n<p>\u201c\u00c9 um avan\u00e7o importante, pois j\u00e1 v\u00ednhamos batalhando por essa corre\u00e7\u00e3o h\u00e1 dois anos. Demonstra que estamos sendo ouvidos. Entregamos uma lista com os principais problemas do SIPEN e do SISAG e, tal como esta demanda, esperamos que as demais tamb\u00e9m sejam atendidas\u201d, observou Michele Venzo, representante do Sindicato dos Banc\u00e1rios de Porto Alegre e Regi\u00e3o.<\/p>\n<p>Tamb\u00e9m ser\u00e3o debatidas, em reuni\u00e3o t\u00e9cnica espec\u00edfica, problemas de sistemas utilizados pelos empregados que desempenham a fun\u00e7\u00e3o. Os trabalhadores v\u00e3o indicar seus representantes para participar da reuni\u00e3o do grupo, que \u00e9 parte deste mesmo GT de fun\u00e7\u00f5es espec\u00edficas.<\/p>\n<h3><strong>Mudan\u00e7a de mobili\u00e1rio<\/strong><\/h3>\n<p>A reuni\u00e3o tamb\u00e9m tratou sobre a adapta\u00e7\u00e3o de ag\u00eancias para pessoas com defici\u00eancia (PCDs). O banco informou que ser\u00e3o aplicados R$ 115 milh\u00f5es para mudan\u00e7a de mobili\u00e1rio de 500 a 600 ag\u00eancias e que a adapta\u00e7\u00e3o para PCDs levar\u00e1 em conta a exig\u00eancia de legisla\u00e7\u00f5es municipais. Ser\u00e3o mesas e cadeiras autorregul\u00e1veis, para que o pr\u00f3prio colega regule da forma como ficar melhor para ele. N\u00e3o foram considerados apoio para os p\u00e9s.<\/p>\n<p>\u201c\u00c9 importante esta mudan\u00e7a de mobili\u00e1rio, j\u00e1 considerando as especificidades de cada colega, mas, num momento em que estamos buscando trabalhar com uma gest\u00e3o mais humanizada, seria interessante que, independentemente da legisla\u00e7\u00e3o municipal, a Caixa tivesse um olhar atento para estes colegas que j\u00e1 sofrem em seu dia a dia na sociedade\u201d, ponderou Rafael de Castro.<\/p>\n<h3><strong>Outras demandas<\/strong><\/h3>\n<p>Os trabalhadores tamb\u00e9m pediram para que a Caixa aprimore a ata das reuni\u00f5es, de modo que facilite o cumprimento das reivindica\u00e7\u00f5es atendidas e permita o acompanhamento do que est\u00e1 sendo realizado.<\/p>\n<p>Outra reivindica\u00e7\u00e3o foi para que as reuni\u00f5es do GT sejam realizadas em menor per\u00edodo de tempo, sem que haja intervalo de um m\u00eas entre os encontros.<\/p>\n<p>Tamb\u00e9m pediram para que a Caixa resgate as atribui\u00e7\u00f5es previstas no RH183 e compare com o que os empregados v\u00eam fazendo na pr\u00e1tica, para que eles n\u00e3o executem tarefas que n\u00e3o sejam de suas responsabilidades, com a inten\u00e7\u00e3o acabar com os desvios de fun\u00e7\u00f5es.<\/p>\n<p><strong>Fonte: Contraf-CUT<\/strong><\/p>\n","protected":false},"excerpt":{"rendered":"<p>Representantes da Caixa Econ\u00f4mica Federal e dos empregados se reuniram na tarde desta quinta-feira (18) para tratar de quest\u00f5es espec\u00edficas dos trabalhadores que exercem as fun\u00e7\u00f5es de caixas, tesoureiros e avaliadores de penhor. O banco est\u00e1 analisando o fim da designa\u00e7\u00e3o das fun\u00e7\u00f5es por minuto, um dos pontos fundamentais do debate. \u201cA reuni\u00e3o foi boa. [&hellip;]<\/p>\n","protected":false},"author":2,"featured_media":14101,"comment_status":"","ping_status":"","sticky":false,"template":"","format":"standard","meta":{"footnotes":""},"categories":[3],"tags":[],"class_list":["post-14102","post","type-post","status-publish","format-standard","has-post-thumbnail","hentry","category-noticias"],"_links":{"self":[{"href":"https:\/\/hostnetart.com.br\/baixada\/wp-json\/wp\/v2\/posts\/14102","targetHints":{"allow":["GET"]}}],"collection":[{"href":"https:\/\/hostnetart.com.br\/baixada\/wp-json\/wp\/v2\/posts"}],"about":[{"href":"https:\/\/hostnetart.com.br\/baixada\/wp-json\/wp\/v2\/types\/post"}],"author":[{"embeddable":true,"href":"https:\/\/hostnetart.com.br\/baixada\/wp-json\/wp\/v2\/users\/2"}],"replies":[{"embeddable":true,"href":"https:\/\/hostnetart.com.br\/baixada\/wp-json\/wp\/v2\/comments?post=14102"}],"version-history":[{"count":0,"href":"https:\/\/hostnetart.com.br\/baixada\/wp-json\/wp\/v2\/posts\/14102\/revisions"}],"wp:featuredmedia":[{"embeddable":true,"href":"https:\/\/hostnetart.com.br\/baixada\/wp-json\/wp\/v2\/media\/14101"}],"wp:attachment":[{"href":"https:\/\/hostnetart.com.br\/baixada\/wp-json\/wp\/v2\/media?parent=14102"}],"wp:term":[{"taxonomy":"category","embeddable":true,"href":"https:\/\/hostnetart.com.br\/baixada\/wp-json\/wp\/v2\/categories?post=14102"},{"taxonomy":"post_tag","embeddable":true,"href":"https:\/\/hostnetart.com.br\/baixada\/wp-json\/wp\/v2\/tags?post=14102"}],"curies":[{"name":"wp","href":"https:\/\/api.w.org\/{rel}","templated":true}]}}