{"id":14100,"date":"2023-05-19T13:50:47","date_gmt":"2023-05-19T16:50:47","guid":{"rendered":"https:\/\/hostnetart.com.br\/baixada\/caixa-vai-negociar-pqv\/"},"modified":"2023-05-19T13:50:47","modified_gmt":"2023-05-19T16:50:47","slug":"caixa-vai-negociar-pqv","status":"publish","type":"post","link":"https:\/\/hostnetart.com.br\/baixada\/caixa-vai-negociar-pqv\/","title":{"rendered":"Caixa vai negociar PQV"},"content":{"rendered":"<p>Ap\u00f3s cobran\u00e7a realizada pelo movimento de representa\u00e7\u00e3o dos empregados, a Caixa Econ\u00f4mica Federal convocou reuni\u00e3o para negociar mudan\u00e7as no Programa de Qualidade de Vendas (PQV). A vers\u00e3o do programa apresentada pelo banco aumenta as puni\u00e7\u00f5es para as empregadas e empregados que n\u00e3o cumprirem as metas estabelecidas. A reuni\u00e3o de negocia\u00e7\u00e3o ser\u00e1 realizada na sexta-feira (19), a partir das 14h.<\/p>\n<p>\u201cAs empregadas e empregados n\u00e3o podem ser penalizados pelo fato de clientes cancelarem produtos seguindo orienta\u00e7\u00e3o enviada pela pr\u00f3pria Caixa\u201d, disse o empregado da Caixa e dirigente da Confedera\u00e7\u00e3o Nacional dos Trabalhadores do Ramo Financeiro (Contraf-CUT), Rafael de Castro.<\/p>\n<p>A diretora-executiva da Contraf-CUT, Eliana Brasil, lembra ainda da import\u00e2ncia da gest\u00e3o humanizada pelo banco. \u201cN\u00e3o h\u00e1 motivo para proibir os trabalhadores de participarem de Processos de Sele\u00e7\u00e3o Interna (PSI) e muito menos usar de amea\u00e7as de encaminhar para a corregedoria, como sugere a proposta do PQV apresentada pela Caixa\u201d, observou.<\/p>\n<p>\u201cSabemos que existe uma boa vontade da nova gest\u00e3o para n\u00e3o haver qualquer preju\u00edzo aos trabalhadores, e esperamos que, na reuni\u00e3o de sexta-feira, sejam sanados os problemas nesse PQV transit\u00f3rio\u201d, disse a coordenadora da Comiss\u00e3o Executiva dos Empregados (CEE) da Caixa, Fabiana Uehara Proscholdt.<\/p>\n<p><strong>Fonte: Contraf-CUT<\/strong><\/p>\n","protected":false},"excerpt":{"rendered":"<p>Ap\u00f3s cobran\u00e7a realizada pelo movimento de representa\u00e7\u00e3o dos empregados, a Caixa Econ\u00f4mica Federal convocou reuni\u00e3o para negociar mudan\u00e7as no Programa de Qualidade de Vendas (PQV). A vers\u00e3o do programa apresentada pelo banco aumenta as puni\u00e7\u00f5es para as empregadas e empregados que n\u00e3o cumprirem as metas estabelecidas. A reuni\u00e3o de negocia\u00e7\u00e3o ser\u00e1 realizada na sexta-feira (19), [&hellip;]<\/p>\n","protected":false},"author":2,"featured_media":14099,"comment_status":"","ping_status":"","sticky":false,"template":"","format":"standard","meta":{"footnotes":""},"categories":[3],"tags":[],"class_list":["post-14100","post","type-post","status-publish","format-standard","has-post-thumbnail","hentry","category-noticias"],"_links":{"self":[{"href":"https:\/\/hostnetart.com.br\/baixada\/wp-json\/wp\/v2\/posts\/14100","targetHints":{"allow":["GET"]}}],"collection":[{"href":"https:\/\/hostnetart.com.br\/baixada\/wp-json\/wp\/v2\/posts"}],"about":[{"href":"https:\/\/hostnetart.com.br\/baixada\/wp-json\/wp\/v2\/types\/post"}],"author":[{"embeddable":true,"href":"https:\/\/hostnetart.com.br\/baixada\/wp-json\/wp\/v2\/users\/2"}],"replies":[{"embeddable":true,"href":"https:\/\/hostnetart.com.br\/baixada\/wp-json\/wp\/v2\/comments?post=14100"}],"version-history":[{"count":0,"href":"https:\/\/hostnetart.com.br\/baixada\/wp-json\/wp\/v2\/posts\/14100\/revisions"}],"wp:featuredmedia":[{"embeddable":true,"href":"https:\/\/hostnetart.com.br\/baixada\/wp-json\/wp\/v2\/media\/14099"}],"wp:attachment":[{"href":"https:\/\/hostnetart.com.br\/baixada\/wp-json\/wp\/v2\/media?parent=14100"}],"wp:term":[{"taxonomy":"category","embeddable":true,"href":"https:\/\/hostnetart.com.br\/baixada\/wp-json\/wp\/v2\/categories?post=14100"},{"taxonomy":"post_tag","embeddable":true,"href":"https:\/\/hostnetart.com.br\/baixada\/wp-json\/wp\/v2\/tags?post=14100"}],"curies":[{"name":"wp","href":"https:\/\/api.w.org\/{rel}","templated":true}]}}