{"id":14098,"date":"2023-05-19T13:47:42","date_gmt":"2023-05-19T16:47:42","guid":{"rendered":"https:\/\/hostnetart.com.br\/baixada\/relancada-a-frente-parlamentar-mista-em-defesa-dos-bancos-publicos\/"},"modified":"2023-05-19T13:47:42","modified_gmt":"2023-05-19T16:47:42","slug":"relancada-a-frente-parlamentar-mista-em-defesa-dos-bancos-publicos","status":"publish","type":"post","link":"https:\/\/hostnetart.com.br\/baixada\/relancada-a-frente-parlamentar-mista-em-defesa-dos-bancos-publicos\/","title":{"rendered":"Relan\u00e7ada a Frente Parlamentar Mista em defesa dos Bancos P\u00fablicos"},"content":{"rendered":"<p>Entidades associativas e sindicais participaram, na manh\u00e3 desta ter\u00e7a-feira (16), da recria\u00e7\u00e3o da\u00a0<a href=\"https:\/\/contrafcut.com.br\/noticias\/frente-parlamentar-vai-defender-bancos-publicos\/\" target=\"_blank\" rel=\"noopener noreferrer\">Frente Parlamentar Mista em Defesa dos Bancos P\u00fablico<\/a>s e do lan\u00e7amento da Agenda Legislativa da Confedera\u00e7\u00e3o Nacional dos Trabalhadores do Ramo Financeiro (Contraf-CUT), da Federa\u00e7\u00e3o Nacional das Associa\u00e7\u00f5es do Pessoal da Caixa Econ\u00f4mica Federal (Fenae) e de outras entidades sindicais do ramo financeiro.<\/p>\n<p>\u201cMuito importante a recria\u00e7\u00e3o da Frente Parlamentar Mista em Defesa dos Bancos P\u00fablicos que, de forma institucional, poder\u00e1 realizar confer\u00eancias e audi\u00eancias p\u00fablicas envolvendo entes federativos, estaduais e municipais, assim como organiza\u00e7\u00f5es da sociedade civil na perspectiva de produzir conte\u00fados que ajudem a direcionar as a\u00e7\u00f5es conjuntas na defesa e na manuten\u00e7\u00e3o dos bancos como entidades p\u00fablicas de fomento ao desenvolvimento sustent\u00e1vel e inclus\u00e3o social\u201d, explicou o secret\u00e1rio de Rela\u00e7\u00f5es do Trabalho e respons\u00e1vel da Contraf-CUT pelo acompanhamento da pauta legislativa de interesse dos trabalhadores no Congresso Nacional, Jeferson Meira, o Jef\u00e3o.<\/p>\n<p>O presidente da Fenae, Sergio Takemoto, avaliou que a recria\u00e7\u00e3o da Frente \u00e9 fundamental n\u00e3o apenas para aumentar a atua\u00e7\u00e3o das entidades sindicais junto aos parlamentares, para que entendam o papel dos bancos p\u00fablicos no desenvolvimento do pa\u00eds, mas tamb\u00e9m para a manuten\u00e7\u00e3o dos direitos das trabalhadoras e dos trabalhadores banc\u00e1rios e do ramo financeiro. \u201cEssa iniciativa \u00e9 mais uma via de contato com deputados e senadores para promo\u00e7\u00e3o da Agenda Parlamentar da Contraf-CUT e da Fenae. \u00c9 uma forma de mostrar ao Legislativo como as entidades sindicais e associativas atuam, assim como nosso papel pol\u00edtico e social\u201d, observou.<\/p>\n<p>A Frente Parlamentar Mista em Defesa dos Bancos P\u00fablicos \u00e9 uma iniciativa da deputada Erika Kokay (PT-DF), mas \u00e9 composta por deputados e senadores de diferentes partidos que entendem a import\u00e2ncia e se prop\u00f5em a articular estrat\u00e9gias para defender os bancos p\u00fablicos de ataques dentro do Congresso Nacional. A parlamentar destacou, em diversos momentos, que \u201cdefender os bancos p\u00fablicos \u00e9 defender a soberania e o desenvolvimento do Brasil\u201d e lembrou que os bancos p\u00fablicos s\u00e3o instrumentos estrat\u00e9gicos para dinamizar a economia, a partir da concess\u00e3o de cr\u00e9dito mais barato aos setores nos quais os bancos privados n\u00e3o t\u00eam interesse em atuar ou, quando atuam, com cr\u00e9dito a juros altos, drenando, desta forma, os recursos de fam\u00edlias e empreendedores.<\/p>\n<p><strong>Fonte: Contraf-CUT<\/strong><\/p>\n","protected":false},"excerpt":{"rendered":"<p>Entidades associativas e sindicais participaram, na manh\u00e3 desta ter\u00e7a-feira (16), da recria\u00e7\u00e3o da\u00a0Frente Parlamentar Mista em Defesa dos Bancos P\u00fablicos e do lan\u00e7amento da Agenda Legislativa da Confedera\u00e7\u00e3o Nacional dos Trabalhadores do Ramo Financeiro (Contraf-CUT), da Federa\u00e7\u00e3o Nacional das Associa\u00e7\u00f5es do Pessoal da Caixa Econ\u00f4mica Federal (Fenae) e de outras entidades sindicais do ramo financeiro. [&hellip;]<\/p>\n","protected":false},"author":2,"featured_media":14097,"comment_status":"","ping_status":"","sticky":false,"template":"","format":"standard","meta":{"footnotes":""},"categories":[3],"tags":[],"class_list":["post-14098","post","type-post","status-publish","format-standard","has-post-thumbnail","hentry","category-noticias"],"_links":{"self":[{"href":"https:\/\/hostnetart.com.br\/baixada\/wp-json\/wp\/v2\/posts\/14098","targetHints":{"allow":["GET"]}}],"collection":[{"href":"https:\/\/hostnetart.com.br\/baixada\/wp-json\/wp\/v2\/posts"}],"about":[{"href":"https:\/\/hostnetart.com.br\/baixada\/wp-json\/wp\/v2\/types\/post"}],"author":[{"embeddable":true,"href":"https:\/\/hostnetart.com.br\/baixada\/wp-json\/wp\/v2\/users\/2"}],"replies":[{"embeddable":true,"href":"https:\/\/hostnetart.com.br\/baixada\/wp-json\/wp\/v2\/comments?post=14098"}],"version-history":[{"count":0,"href":"https:\/\/hostnetart.com.br\/baixada\/wp-json\/wp\/v2\/posts\/14098\/revisions"}],"wp:featuredmedia":[{"embeddable":true,"href":"https:\/\/hostnetart.com.br\/baixada\/wp-json\/wp\/v2\/media\/14097"}],"wp:attachment":[{"href":"https:\/\/hostnetart.com.br\/baixada\/wp-json\/wp\/v2\/media?parent=14098"}],"wp:term":[{"taxonomy":"category","embeddable":true,"href":"https:\/\/hostnetart.com.br\/baixada\/wp-json\/wp\/v2\/categories?post=14098"},{"taxonomy":"post_tag","embeddable":true,"href":"https:\/\/hostnetart.com.br\/baixada\/wp-json\/wp\/v2\/tags?post=14098"}],"curies":[{"name":"wp","href":"https:\/\/api.w.org\/{rel}","templated":true}]}}