{"id":14094,"date":"2023-05-17T23:42:36","date_gmt":"2023-05-18T02:42:36","guid":{"rendered":"https:\/\/hostnetart.com.br\/baixada\/combate-a-lgbtfobia-e-dever-de-todos\/"},"modified":"2023-05-17T23:42:36","modified_gmt":"2023-05-18T02:42:36","slug":"combate-a-lgbtfobia-e-dever-de-todos","status":"publish","type":"post","link":"https:\/\/hostnetart.com.br\/baixada\/combate-a-lgbtfobia-e-dever-de-todos\/","title":{"rendered":"Combate \u00e0 LGBTfobia \u00e9 dever de todos"},"content":{"rendered":"<p>No Dia Internacional de Luta contra a LGBTfobia de 2023, nesta quarta-feira (17), o Brasil tem muito a refletir e repudiar. No ano passado, foram registradas pelo menos 273 mortes violentas de pessoas LGBTQIA+ no pa\u00eds. Foram 228 assassinatos, 30 suic\u00eddios e 15 mortes por outras causas, como decorrentes de les\u00f5es por agress\u00e3o.<\/p>\n<p>Os dados s\u00e3o do <a href=\"https:\/\/observatoriomorteseviolenciaslgbtibrasil.org\/dossie\/mortes-lgbt-2022\/\" target=\"_blank\" rel=\"noopener noreferrer\">Observat\u00f3rio de Mortes Violentas Contra LGBTI+<\/a>. Os n\u00fameros, por\u00e9m, podem ainda ser piores, pois, como n\u00e3o h\u00e1 n\u00fameros oficiais sobre esses crimes, o levantamento \u00e9 feito principalmente a partir de informa\u00e7\u00f5es divulgadas pela imprensa.<\/p>\n<p>Para Adilson Barros, da dire\u00e7\u00e3o da Confedera\u00e7\u00e3o Nacional dos Trabalhadores do Ramo Financeiro (Contraf-CUT), \u201co dia 17 tem sua refer\u00eancia na luta para mudar toda situa\u00e7\u00e3o de viol\u00eancia e descaso de uma parcela da popula\u00e7\u00e3o, enquanto grande parte da sociedade discrimina e ignora leis e iniciativas para sua inclus\u00e3o\u201d.<\/p>\n<h3><strong>Uma v\u00edtima a cada 32 horas<\/strong><\/h3>\n<p>As maiores v\u00edtimas s\u00e3o travestis e transexuais, com 58% das mortes. Em seguida v\u00eam os casos de gays, com 35%, e de l\u00e9sbicas e de homens trans com 3% cada. No total, a m\u00e9dia \u00e9 de uma pessoa LGBTQIA+ morta por causa violenta a cada 32 horas no Brasil.<\/p>\n<p>As v\u00edtimas tinham de 13 a 75 anos, com concentra\u00e7\u00e3o maior entre jovens adultos, de 20 a 29 anos (33,33%). O Nordeste, com 118 casos, e o Sudeste, com outros 71, foram as regi\u00f5es mais hostis contra pessoas LGBTQIA+.<\/p>\n<p>Adilson, que tamb\u00e9m \u00e9 militante dos movimentos LGBTQIA+, ressalta que \u201cmesmo com mudan\u00e7as na forma de olhar social e biologicamente, os LGBTQIA+ ainda n\u00e3o est\u00e3o em um mundo confort\u00e1vel para os caminhos do respeito e compreens\u00e3o da igualdade\u201d.<\/p>\n<p>Ele tamb\u00e9m observa que a quest\u00e3o \u00e9 preocupante n\u00e3o apenas no Brasil, mas em todo o mundo. \u201cAinda hoje, h\u00e1 pelo menos 69 pa\u00edses que criminalizam relacionamentos consensuais entre pessoas do mesmo sexo, alguns inclusive com pena de morte\u201d, completa.<\/p>\n<h3><strong>Ambiente ruim<\/strong><\/h3>\n<p>O dossi\u00ea do Observat\u00f3rio mostra em 2022 uma redu\u00e7\u00e3o de 14% de casos, em rela\u00e7\u00e3o a 2021, quando foram elencadas 316 mortes violentas no Brasil. No entanto, em rela\u00e7\u00e3o a 2000, quando o levantamento come\u00e7ou a ser feito e registrou 130 mortes, o aumento \u00e9 de 108%. Por isso, o relat\u00f3rio afirma que os dados, vistos no longo prazo, indicam que o ambiente pol\u00edtico e social brasileiro continua a estimular a LGBTfobia.<\/p>\n<h3><strong>No trabalho<\/strong><\/h3>\n<p>A aceita\u00e7\u00e3o de profissionais LGBTQIA+ \u00e9 outro ponto que precisa de aten\u00e7\u00e3o, conforme Adilson. \u201cAs empresas em geral, e os bancos em particular, precisam estar preparados para receber essa popula\u00e7\u00e3o e aprender a lidar com a diversidade no dia a dia. A contrata\u00e7\u00e3o por orienta\u00e7\u00e3o sexual e identidade de g\u00eanero deve ser tratada como uma conquista, um avan\u00e7o nos direitos\u201d, diz. Para o militante, \u201ca partir desse processo, campanhas de combate \u00e0 discrimina\u00e7\u00e3o no local de trabalho ganhar\u00e3o f\u00f4lego e contribuir\u00e3o para a constru\u00e7\u00e3o de um ambiente de trabalho saud\u00e1vel\u201d.<\/p>\n<p>O secret\u00e1rio de Pol\u00edticas Sociais da Contraf-CUT, Elias Jord\u00e3o, afirma que \u201c<a href=\"https:\/\/contrafcut.com.br\/noticias\/campanha-nacional-igualdade-de-condicoes-para-bancarias-e-bancarios-lgbtqia\/\" target=\"_blank\" rel=\"noopener noreferrer\">a dedica\u00e7\u00e3o ao tema por parte da Contraf-CUT<\/a> tem trazido avan\u00e7os \u00e0 categoria banc\u00e1ria, como cl\u00e1usulas que estendem os direitos aos casais homoafetivos, o combate \u00e0 discrimina\u00e7\u00e3o e o direito \u00e0 manifesta\u00e7\u00e3o da identidade visual\u201d.<\/p>\n<p>Outro ponto destacado pelo dirigente \u00e9 \u201co processo de reorganiza\u00e7\u00e3o do coletivo LGBTQIA+, que atuar\u00e1 no sentido de cobrar dos bancos e da sociedade mais visibilidade e contrata\u00e7\u00f5es da popula\u00e7\u00e3o LGBTQIA+, al\u00e9m de outras lutas, que este novo momento do pa\u00eds nos permite, com um governo popular e democr\u00e1tico\u201d.<\/p>\n<h3><strong>Defenda-se<\/strong><\/h3>\n<p>Conhe\u00e7a aqui a cartilha <a href=\"https:\/\/antrabrasil.files.wordpress.com\/2020\/03\/cartilha-lgbtifobia.pdf\" target=\"_blank\" rel=\"noopener noreferrer\"><em>O que fazer em caso de viol\u00eancia LGBTf\u00f3bica<\/em><\/a>, publicada pela Associa\u00e7\u00e3o Nacional de Travestis e Transexuais (<a href=\"https:\/\/antrabrasil.org\/\" target=\"_blank\" rel=\"noopener noreferrer\">Antra<\/a>). Para encontrar apoio, em caso de necessidade, acesse o <a href=\"https:\/\/www.abglt.org\/mapa-da-cidadania\" target=\"_blank\" rel=\"noopener noreferrer\">Mapa da Cidadania<\/a>, produzido pela Associa\u00e7\u00e3o Brasileira de L\u00e9sbicas, Gays, Bissexuais, Travestis, Transexuais e Intersexos (<a href=\"https:\/\/www.abglt.org\/mapa-da-cidadania\" target=\"_blank\" rel=\"noopener noreferrer\">ABGLT<\/a>), com servi\u00e7os e ferramentas jur\u00eddicas de defesa da comunidade LGBTQIA+, com informa\u00e7\u00f5es de todas as unidades da Federa\u00e7\u00e3o.<\/p>\n<p>Conhe\u00e7a tamb\u00e9m <a href=\"https:\/\/transrespect.org\/en\/tvt-publication-series\/\" target=\"_blank\" rel=\"noopener noreferrer\">publica\u00e7\u00f5es da Transgender Europe<\/a>, v\u00e1rias com vers\u00e3o em portugu\u00eas.<\/p>\n<p><strong>Fonte: Contraf-CUT<\/strong><\/p>\n","protected":false},"excerpt":{"rendered":"<p>No Dia Internacional de Luta contra a LGBTfobia de 2023, nesta quarta-feira (17), o Brasil tem muito a refletir e repudiar. No ano passado, foram registradas pelo menos 273 mortes violentas de pessoas LGBTQIA+ no pa\u00eds. Foram 228 assassinatos, 30 suic\u00eddios e 15 mortes por outras causas, como decorrentes de les\u00f5es por agress\u00e3o. Os dados [&hellip;]<\/p>\n","protected":false},"author":2,"featured_media":14093,"comment_status":"","ping_status":"","sticky":false,"template":"","format":"standard","meta":{"footnotes":""},"categories":[3],"tags":[],"class_list":["post-14094","post","type-post","status-publish","format-standard","has-post-thumbnail","hentry","category-noticias"],"_links":{"self":[{"href":"https:\/\/hostnetart.com.br\/baixada\/wp-json\/wp\/v2\/posts\/14094","targetHints":{"allow":["GET"]}}],"collection":[{"href":"https:\/\/hostnetart.com.br\/baixada\/wp-json\/wp\/v2\/posts"}],"about":[{"href":"https:\/\/hostnetart.com.br\/baixada\/wp-json\/wp\/v2\/types\/post"}],"author":[{"embeddable":true,"href":"https:\/\/hostnetart.com.br\/baixada\/wp-json\/wp\/v2\/users\/2"}],"replies":[{"embeddable":true,"href":"https:\/\/hostnetart.com.br\/baixada\/wp-json\/wp\/v2\/comments?post=14094"}],"version-history":[{"count":0,"href":"https:\/\/hostnetart.com.br\/baixada\/wp-json\/wp\/v2\/posts\/14094\/revisions"}],"wp:featuredmedia":[{"embeddable":true,"href":"https:\/\/hostnetart.com.br\/baixada\/wp-json\/wp\/v2\/media\/14093"}],"wp:attachment":[{"href":"https:\/\/hostnetart.com.br\/baixada\/wp-json\/wp\/v2\/media?parent=14094"}],"wp:term":[{"taxonomy":"category","embeddable":true,"href":"https:\/\/hostnetart.com.br\/baixada\/wp-json\/wp\/v2\/categories?post=14094"},{"taxonomy":"post_tag","embeddable":true,"href":"https:\/\/hostnetart.com.br\/baixada\/wp-json\/wp\/v2\/tags?post=14094"}],"curies":[{"name":"wp","href":"https:\/\/api.w.org\/{rel}","templated":true}]}}