{"id":14090,"date":"2023-05-16T15:22:27","date_gmt":"2023-05-16T18:22:27","guid":{"rendered":"https:\/\/hostnetart.com.br\/baixada\/sindicato-dos-bancarios-da-baixada-fluminense-faz-protesto-em-agencias-bancarias-de-duque-de-caxias\/"},"modified":"2023-05-16T15:22:27","modified_gmt":"2023-05-16T18:22:27","slug":"sindicato-dos-bancarios-da-baixada-fluminense-faz-protesto-em-agencias-bancarias-de-duque-de-caxias","status":"publish","type":"post","link":"https:\/\/hostnetart.com.br\/baixada\/sindicato-dos-bancarios-da-baixada-fluminense-faz-protesto-em-agencias-bancarias-de-duque-de-caxias\/","title":{"rendered":"Sindicato dos Banc\u00e1rios da Baixada Fluminense faz protesto em ag\u00eancias banc\u00e1rias de Duque de Caxias"},"content":{"rendered":"<p>Nesta ter\u00e7a-feira, 16 de maio, o Sindicato dos Banc\u00e1rios da Baixada Fluminense protestou, em Duque de Caxias, contra o fechamento de ag\u00eancias e demiss\u00f5es que vem ocorrendo nos grandes bancos privados.\u00a0<\/p>\n<p>Al\u00e9m da caravana percorrendo ag\u00eancias do Bradesco, Ita\u00fa e Santander, as diretoras e diretores do Sindicato, falaram para os funcion\u00e1rios e popula\u00e7\u00e3o em geral, da cartilha lan\u00e7ada sobre ass\u00e9dio moral e da import\u00e2ncia da campanha \u201cAtendimento presencial nos bancos: \u00e9 seu direito!\u201c, ambas realizadas e produzidas pela Federa\u00e7\u00e3o dos Trabalhadores do Ramo Financeiro dos Estados do Rio de Janeiro e Esp\u00edrito Santo (Fetraf-RJ\/ES), da qual o Sindicato \u00e9 filiado.<\/p>\n<p>O ato contou com a distribui\u00e7\u00e3o de informativos, tendo grande apoio dos clientes que estavam\u00a0presentes no interior das ag\u00eancias.<\/p>\n<p>Os dirigentes sindicais tamb\u00e9m\u00a0explicaram como as demiss\u00f5es e o fechamento de ag\u00eancias banc\u00e1rias afetam a economia de toda a regi\u00e3o. Todos s\u00e3o atingidos. <\/p>\n<p><strong>IMPORTANTE<\/strong><\/p>\n<p>\u00c9 fundamental que banc\u00e1rias e banc\u00e1rios, logo que sejam informados de suas demiss\u00f5es, procurem imediatamente atendimento no Sindicato.<\/p>\n<p><em>*confira mais fotos em nossas redes sociais<\/em><\/p>\n","protected":false},"excerpt":{"rendered":"<p>Nesta ter\u00e7a-feira, 16 de maio, o Sindicato dos Banc\u00e1rios da Baixada Fluminense protestou, em Duque de Caxias, contra o fechamento de ag\u00eancias e demiss\u00f5es que vem ocorrendo nos grandes bancos privados.\u00a0 Al\u00e9m da caravana percorrendo ag\u00eancias do Bradesco, Ita\u00fa e Santander, as diretoras e diretores do Sindicato, falaram para os funcion\u00e1rios e popula\u00e7\u00e3o em geral, [&hellip;]<\/p>\n","protected":false},"author":2,"featured_media":14089,"comment_status":"","ping_status":"","sticky":false,"template":"","format":"standard","meta":{"footnotes":""},"categories":[3],"tags":[],"class_list":["post-14090","post","type-post","status-publish","format-standard","has-post-thumbnail","hentry","category-noticias"],"_links":{"self":[{"href":"https:\/\/hostnetart.com.br\/baixada\/wp-json\/wp\/v2\/posts\/14090","targetHints":{"allow":["GET"]}}],"collection":[{"href":"https:\/\/hostnetart.com.br\/baixada\/wp-json\/wp\/v2\/posts"}],"about":[{"href":"https:\/\/hostnetart.com.br\/baixada\/wp-json\/wp\/v2\/types\/post"}],"author":[{"embeddable":true,"href":"https:\/\/hostnetart.com.br\/baixada\/wp-json\/wp\/v2\/users\/2"}],"replies":[{"embeddable":true,"href":"https:\/\/hostnetart.com.br\/baixada\/wp-json\/wp\/v2\/comments?post=14090"}],"version-history":[{"count":0,"href":"https:\/\/hostnetart.com.br\/baixada\/wp-json\/wp\/v2\/posts\/14090\/revisions"}],"wp:featuredmedia":[{"embeddable":true,"href":"https:\/\/hostnetart.com.br\/baixada\/wp-json\/wp\/v2\/media\/14089"}],"wp:attachment":[{"href":"https:\/\/hostnetart.com.br\/baixada\/wp-json\/wp\/v2\/media?parent=14090"}],"wp:term":[{"taxonomy":"category","embeddable":true,"href":"https:\/\/hostnetart.com.br\/baixada\/wp-json\/wp\/v2\/categories?post=14090"},{"taxonomy":"post_tag","embeddable":true,"href":"https:\/\/hostnetart.com.br\/baixada\/wp-json\/wp\/v2\/tags?post=14090"}],"curies":[{"name":"wp","href":"https:\/\/api.w.org\/{rel}","templated":true}]}}