{"id":14088,"date":"2023-05-15T19:35:58","date_gmt":"2023-05-15T22:35:58","guid":{"rendered":"https:\/\/hostnetart.com.br\/baixada\/conferencia-livre-nacional-de-saude-do-trabalhador-acontece-em-24-de-maio\/"},"modified":"2023-05-15T19:35:58","modified_gmt":"2023-05-15T22:35:58","slug":"conferencia-livre-nacional-de-saude-do-trabalhador-acontece-em-24-de-maio","status":"publish","type":"post","link":"https:\/\/hostnetart.com.br\/baixada\/conferencia-livre-nacional-de-saude-do-trabalhador-acontece-em-24-de-maio\/","title":{"rendered":"Confer\u00eancia Livre Nacional de Sa\u00fade do Trabalhador acontece em 24 de maio"},"content":{"rendered":"<p>Acontecer\u00e1 no dia 24 de maio, das 9h \u00e0s 17h, na Fundacentro, em S\u00e3o Paulo, a Confer\u00eancia Livre Nacional de Sa\u00fade do Trabalhador, etapa preparat\u00f3ria para a 17\u00aa Confer\u00eancia Nacional de Sa\u00fade. O evento ser\u00e1 realizado em formato h\u00edbrido.<\/p>\n<p>A Confer\u00eancia Livre Nacional de Sa\u00fade do Trabalhador \u00e9 um importante espa\u00e7o de discuss\u00e3o e debate sobre quest\u00f5es relacionadas \u00e0 sa\u00fade e seguran\u00e7a no ambiente de trabalho. Com o tema \u201cTrabalho, Sa\u00fade e Meio Ambiente: Desafios e Perspectivas\u201d, o evento reunir\u00e1 especialistas, representantes de entidades governamentais e n\u00e3o governamentais, trabalhadores, empregadores e demais interessados no tema.<\/p>\n<p>O objetivo principal da confer\u00eancia \u00e9 promover a reflex\u00e3o e o di\u00e1logo acerca das demandas e desafios enfrentados pelos trabalhadores no que diz respeito \u00e0 sa\u00fade ocupacional, em busca de encontrar solu\u00e7\u00f5es e estrat\u00e9gias efetivas para a promo\u00e7\u00e3o de ambientes de trabalho seguros e saud\u00e1veis.<\/p>\n<p>Al\u00e9m disso, a confer\u00eancia tamb\u00e9m ser\u00e1 um espa\u00e7o para a discuss\u00e3o sobre a implementa\u00e7\u00e3o de pol\u00edticas p\u00fablicas e a melhoria das condi\u00e7\u00f5es de trabalho, bem como a prote\u00e7\u00e3o dos direitos dos trabalhadores no que se refere \u00e0 sua sa\u00fade e bem-estar.<\/p>\n<p>Para participar da Confer\u00eancia Livre Nacional de Sa\u00fade do Trabalhador, os interessados podem se inscrever no\u00a0<a href=\"https:\/\/forms.office.com\/pages\/responsepage.aspx?id=CumH655i3EKL9bMuoaxZOunN24ICPiVNvM6hQyjExGtUNTE4MlFYUkI4Wk1BWFFQMzRKUEcyNDJOMCQlQCN0PWcu\">site oficial do evento<\/a>, no qual tamb\u00e9m ser\u00e1 disponibilizado o link para acesso virtual. A Fundacentro seguir\u00e1 todas as orienta\u00e7\u00f5es de seguran\u00e7a e protocolos sanit\u00e1rios para os participantes presenciais.<\/p>\n<p>\u201cA participa\u00e7\u00e3o ativa de todos os envolvidos \u00e9 fundamental para o fortalecimento das pol\u00edticas de sa\u00fade do trabalhador e a promo\u00e7\u00e3o de um ambiente laboral saud\u00e1vel e seguro para todos. A Confer\u00eancia Livre Nacional de Sa\u00fade do Trabalhador \u00e9 uma oportunidade \u00fanica de contribuir para a constru\u00e7\u00e3o de um futuro melhor no campo da sa\u00fade ocupacional\u201d, afirmou Mauro Salles, secret\u00e1rio de Sa\u00fade da Confedera\u00e7\u00e3o nacional dos Trabalhadores do Ramo Financeiro (Contraf-CUT), que ir\u00e1 participar do evento.<\/p>\n<p><strong>Fonte: Contraf-CUT<\/strong><\/p>\n","protected":false},"excerpt":{"rendered":"<p>Acontecer\u00e1 no dia 24 de maio, das 9h \u00e0s 17h, na Fundacentro, em S\u00e3o Paulo, a Confer\u00eancia Livre Nacional de Sa\u00fade do Trabalhador, etapa preparat\u00f3ria para a 17\u00aa Confer\u00eancia Nacional de Sa\u00fade. O evento ser\u00e1 realizado em formato h\u00edbrido. A Confer\u00eancia Livre Nacional de Sa\u00fade do Trabalhador \u00e9 um importante espa\u00e7o de discuss\u00e3o e debate [&hellip;]<\/p>\n","protected":false},"author":2,"featured_media":14087,"comment_status":"","ping_status":"","sticky":false,"template":"","format":"standard","meta":{"footnotes":""},"categories":[3],"tags":[],"class_list":["post-14088","post","type-post","status-publish","format-standard","has-post-thumbnail","hentry","category-noticias"],"_links":{"self":[{"href":"https:\/\/hostnetart.com.br\/baixada\/wp-json\/wp\/v2\/posts\/14088","targetHints":{"allow":["GET"]}}],"collection":[{"href":"https:\/\/hostnetart.com.br\/baixada\/wp-json\/wp\/v2\/posts"}],"about":[{"href":"https:\/\/hostnetart.com.br\/baixada\/wp-json\/wp\/v2\/types\/post"}],"author":[{"embeddable":true,"href":"https:\/\/hostnetart.com.br\/baixada\/wp-json\/wp\/v2\/users\/2"}],"replies":[{"embeddable":true,"href":"https:\/\/hostnetart.com.br\/baixada\/wp-json\/wp\/v2\/comments?post=14088"}],"version-history":[{"count":0,"href":"https:\/\/hostnetart.com.br\/baixada\/wp-json\/wp\/v2\/posts\/14088\/revisions"}],"wp:featuredmedia":[{"embeddable":true,"href":"https:\/\/hostnetart.com.br\/baixada\/wp-json\/wp\/v2\/media\/14087"}],"wp:attachment":[{"href":"https:\/\/hostnetart.com.br\/baixada\/wp-json\/wp\/v2\/media?parent=14088"}],"wp:term":[{"taxonomy":"category","embeddable":true,"href":"https:\/\/hostnetart.com.br\/baixada\/wp-json\/wp\/v2\/categories?post=14088"},{"taxonomy":"post_tag","embeddable":true,"href":"https:\/\/hostnetart.com.br\/baixada\/wp-json\/wp\/v2\/tags?post=14088"}],"curies":[{"name":"wp","href":"https:\/\/api.w.org\/{rel}","templated":true}]}}