{"id":14086,"date":"2023-05-15T19:33:21","date_gmt":"2023-05-15T22:33:21","guid":{"rendered":"https:\/\/hostnetart.com.br\/baixada\/frente-parlamentar-vai-defender-bancos-publicos\/"},"modified":"2023-05-15T19:33:21","modified_gmt":"2023-05-15T22:33:21","slug":"frente-parlamentar-vai-defender-bancos-publicos","status":"publish","type":"post","link":"https:\/\/hostnetart.com.br\/baixada\/frente-parlamentar-vai-defender-bancos-publicos\/","title":{"rendered":"Frente Parlamentar vai defender bancos p\u00fablicos"},"content":{"rendered":"<p>Ser\u00e1 lan\u00e7ada nesta ter\u00e7a-feira (16), \u00e0s 10h, em audi\u00eancia p\u00fablica a ser realizada no Sal\u00e3o Nobre da C\u00e2mara dos Deputados, em Bras\u00edlia, a Frente Mista em Defesa dos Bancos P\u00fablicos. No ato tamb\u00e9m ser\u00e1 apresentada a agenda legislativa da Confedera\u00e7\u00e3o Nacional dos Trabalhadores do Ramo Financeiro (Contraf-CUT), da Federa\u00e7\u00e3o Nacional das Associa\u00e7\u00f5es do Pessoal da Caixa Econ\u00f4mica Federal (Fenae) e de outras entidades sindicais do ramo financeiro.<\/p>\n<p>\u201cOs bancos p\u00fablicos t\u00eam um papel muito importante para o desenvolvimento do pa\u00eds e a melhoria das condi\u00e7\u00f5es de vida dos brasileiros. Eles atuam em pontos e quest\u00f5es fundamentais pelas quais os bancos privados n\u00e3o demonstram qualquer interesse, como o atendimento banc\u00e1rio em cidades e bairros considerados \u2018n\u00e3o-rent\u00e1veis\u2019 do ponto de vista financeiro, e no desenvolvimento regional\u201d, observou o secret\u00e1rio de Rela\u00e7\u00f5es do Trabalho e respons\u00e1vel da Contraf-CUT pelo acompanhamento da pauta legislativa de interesse dos trabalhadores no Congresso Nacional, Jeferson Meira, o Jef\u00e3o. \u201cJuntamente com a Fenae e outras entidades do movimento sindical banc\u00e1rio, levaremos aos deputados e senadores os temas mais relevantes para a efetiva defesa do papel social dos bancos p\u00fablicos\u201d, complementou o representante da Contraf-CUT.<\/p>\n<p>A Frente Parlamentar Mista em Defesa dos Bancos P\u00fablicos \u00e9 uma iniciativa da deputado Erika Kokay (PT-DF), mas \u00e9 composta por deputados e senadores de diferentes partidos que entendem a import\u00e2ncia e se prop\u00f5em a articular estrat\u00e9gias para defender os bancos p\u00fablicos de ataques dentro do Congresso Nacional.<\/p>\n<p>\u201c\u00c9 fundamental contarmos com apoio dessa frente para fortalecer a luta dos trabalhadores por uma Caixa p\u00fablica e social, al\u00e9m da manuten\u00e7\u00e3o dos direitos dos trabalhadores\u201d, disse o presidente da Fenae, Sergio Takemoto.<\/p>\n<p>\u00a0\u00a0\u00a0\u00a0\u00a0<strong>&gt;&gt;&gt;&gt;&gt;<\/strong>\u00a0Leia tamb\u00e9m o\u00a0<a href=\"https:\/\/www.fenae.org.br\/portal\/fenae-portal\/frente-parlamentar-mista-em-defesa-dos-bancos-publicos-sera-relancada-na-proxima-terca-16.htm\" target=\"_blank\" rel=\"noopener noreferrer\">texto publicado pela Fenae<\/a><\/p>\n<p>Para a deputada Erika Kokay, a frente \u00e9 um poderoso instrumento do Poder Legislativo, com grande capacidade de di\u00e1logo com a sociedade civil, com os poderes Executivo, Judici\u00e1rio e com o Minist\u00e9rio P\u00fablico.<\/p>\n<p>\u201cO Brasil precisa dos bancos p\u00fablicos. O cr\u00e9dito imobili\u00e1rio, por exemplo, se concentra na Caixa, o cr\u00e9dito rural, que \u00e9 um cr\u00e9dito de risco, pois est\u00e1 sujeito \u00e0s intemp\u00e9ries da natureza, depende do Banco do Brasil. Os bancos privados n\u00e3o querem garantir esse tipo de cr\u00e9dito, pois seu foco est\u00e1 na maximiza\u00e7\u00e3o do lucro, enquanto os bancos p\u00fablicos t\u00eam em seu cerne o compromisso com a justi\u00e7a social do Brasil e do povo brasileiro. Defender os bancos p\u00fablicos \u00e9 defender a soberania e o desenvolvimento do Brasil\u201d, destacou a parlamentar.<\/p>\n<p><strong>Lan\u00e7amento da Frente Parlamentar em Defesa dos Bancos P\u00fablicos<br \/>Ter\u00e7a-feira (16), das 10h \u00e0s 13h<br \/>Sal\u00e3o Nobre da C\u00e2mara dos Deputados<\/strong><\/p>\n<p>Fonte: Contraf-CUT<\/p>\n","protected":false},"excerpt":{"rendered":"<p>Ser\u00e1 lan\u00e7ada nesta ter\u00e7a-feira (16), \u00e0s 10h, em audi\u00eancia p\u00fablica a ser realizada no Sal\u00e3o Nobre da C\u00e2mara dos Deputados, em Bras\u00edlia, a Frente Mista em Defesa dos Bancos P\u00fablicos. No ato tamb\u00e9m ser\u00e1 apresentada a agenda legislativa da Confedera\u00e7\u00e3o Nacional dos Trabalhadores do Ramo Financeiro (Contraf-CUT), da Federa\u00e7\u00e3o Nacional das Associa\u00e7\u00f5es do Pessoal da [&hellip;]<\/p>\n","protected":false},"author":2,"featured_media":14085,"comment_status":"","ping_status":"","sticky":false,"template":"","format":"standard","meta":{"footnotes":""},"categories":[3],"tags":[],"class_list":["post-14086","post","type-post","status-publish","format-standard","has-post-thumbnail","hentry","category-noticias"],"_links":{"self":[{"href":"https:\/\/hostnetart.com.br\/baixada\/wp-json\/wp\/v2\/posts\/14086","targetHints":{"allow":["GET"]}}],"collection":[{"href":"https:\/\/hostnetart.com.br\/baixada\/wp-json\/wp\/v2\/posts"}],"about":[{"href":"https:\/\/hostnetart.com.br\/baixada\/wp-json\/wp\/v2\/types\/post"}],"author":[{"embeddable":true,"href":"https:\/\/hostnetart.com.br\/baixada\/wp-json\/wp\/v2\/users\/2"}],"replies":[{"embeddable":true,"href":"https:\/\/hostnetart.com.br\/baixada\/wp-json\/wp\/v2\/comments?post=14086"}],"version-history":[{"count":0,"href":"https:\/\/hostnetart.com.br\/baixada\/wp-json\/wp\/v2\/posts\/14086\/revisions"}],"wp:featuredmedia":[{"embeddable":true,"href":"https:\/\/hostnetart.com.br\/baixada\/wp-json\/wp\/v2\/media\/14085"}],"wp:attachment":[{"href":"https:\/\/hostnetart.com.br\/baixada\/wp-json\/wp\/v2\/media?parent=14086"}],"wp:term":[{"taxonomy":"category","embeddable":true,"href":"https:\/\/hostnetart.com.br\/baixada\/wp-json\/wp\/v2\/categories?post=14086"},{"taxonomy":"post_tag","embeddable":true,"href":"https:\/\/hostnetart.com.br\/baixada\/wp-json\/wp\/v2\/tags?post=14086"}],"curies":[{"name":"wp","href":"https:\/\/api.w.org\/{rel}","templated":true}]}}