{"id":14082,"date":"2023-05-12T21:44:04","date_gmt":"2023-05-13T00:44:04","guid":{"rendered":"https:\/\/hostnetart.com.br\/baixada\/logomarca-dos-40-anos-da-cut-e-divulgada\/"},"modified":"2023-05-12T21:44:04","modified_gmt":"2023-05-13T00:44:04","slug":"logomarca-dos-40-anos-da-cut-e-divulgada","status":"publish","type":"post","link":"https:\/\/hostnetart.com.br\/baixada\/logomarca-dos-40-anos-da-cut-e-divulgada\/","title":{"rendered":"Logomarca dos 40 anos da CUT \u00e9 divulgada"},"content":{"rendered":"<div class=\"elementor-element elementor-element-194680ec elementor-widget elementor-widget-theme-post-content\" data-id=\"194680ec\" data-element_type=\"widget\" data-widget_type=\"theme-post-content.default\">\n<div class=\"elementor-widget-container\">\n<p>A celebra\u00e7\u00e3o dos 40 anos da CUT come\u00e7ou nesta quinta-feira (11), com o lan\u00e7amento de sua marca comemorativa (imagem acima). O programa contou a hist\u00f3ria da central que ajudou a mudar o Brasil e trouxe in\u00fameras conquistas para a classe trabalhadora.<\/p>\n<p>A\u00a0<em>live<\/em>\u00a0foi apresentada pelo presidente da CUT, S\u00e9rgio Nobre, ao lado de figuras emblem\u00e1ticas da hist\u00f3ria da entidade, como os ex-presidentes da central e lideran\u00e7as que hoje comp\u00f5em a dire\u00e7\u00e3o nacional, como a vice-presidenta Juvandia Moreira, o secret\u00e1rio-geral Aparecido Donizeti Silva, e o secret\u00e1rio de Administra\u00e7\u00e3o e Finan\u00e7as Ariovaldo de Camargo.<\/p>\n<p>Fundada em 1983, na ditadura militar, a CUT teve atua\u00e7\u00e3o fundamental na luta pela redemocratiza\u00e7\u00e3o e tamb\u00e9m na conquista de direitos hist\u00f3ricos para os trabalhadores, como a pol\u00edtica de valoriza\u00e7\u00e3o do sal\u00e1rio m\u00ednimo, em 2003, que instituiu reajustes acima da infla\u00e7\u00e3o, at\u00e9 ser interrompida pelos governos antidemocr\u00e1ticos de Michel Temer e Jair Bolsonaro.<\/p>\n<p>A defesa da democracia durante esse \u00faltimo per\u00edodo tamb\u00e9m teve a CUT como uma de suas protagonistas, assim como na elei\u00e7\u00e3o de um leg\u00edtimo representante da classe trabalhadora \u00e0 Presid\u00eancia da Rep\u00fablica, o presidente Luiz In\u00e1cio Lula da Silva.<\/p>\n<p>\u201cNessa trajet\u00f3ria, os 40 anos da CUT se fundem \u00e0 hist\u00f3ria do Brasil n\u00e3o somente pela defesa intransigente dos direitos da classe trabalhadora, mas tamb\u00e9m porque a CUT est\u00e1 no DNA da luta pela redemocratiza\u00e7\u00e3o do pa\u00eds\u201d, disse S\u00e9rgio Nobre.<\/p>\n<h3><strong>Celebra\u00e7\u00e3o<\/strong><\/h3>\n<p>Os 40 anos da CUT contar\u00e1 com uma programa\u00e7\u00e3o especial de atividades. Juvandia, que tamb\u00e9m \u00e9 presidenta da Confedera\u00e7\u00e3o Nacional dos Trabalhadores do Ramo Financeiro (Contraf-CUT) apresentou um resumo de como ser\u00e3o as comemora\u00e7\u00f5es.<\/p>\n<p>\u201cAo longo deste ano, a CUT Nacional e suas estaduais far\u00e3o uma programa\u00e7\u00e3o com atividades para reflex\u00e3o, debate, atividades art\u00edsticas, culturais, exposi\u00e7\u00f5es visando resgatar e reverenciar as conquistas do passado, nossas bandeiras hist\u00f3ricas, e tamb\u00e9m apontar o que queremos para o futuro da maior central sindical do Brasil e uma das maiores do mundo\u201d, disse a dirigente.<\/p>\n<p>Outra atividade anunciada por Juvandia foi um festival de cultura. \u201cJunto aos Congressos Estaduais, vamos desenvolver n\u00e3o somente atividades com artistas regionais, mas tamb\u00e9m o debate da import\u00e2ncia da cultura na eleva\u00e7\u00e3o de consci\u00eancia e mobiliza\u00e7\u00e3o da classe trabalhadora\u201d, completou.<\/p>\n<p>Leia a\u00a0<a href=\"https:\/\/www.cut.org.br\/noticias\/lancamento-da-logomarca-dos-40-anos-da-cut-contou-historia-e-debateu-futuro-1f1b\" target=\"_blank\" rel=\"noopener noreferrer\">reportagem completa<\/a> no site da CUT, que traz, entre outros, depoimentos dos ex-presidentes da central Jair Meneguelli; Vicente Paulo da Silva, o Vicentinho; Luiz Marinho, atual ministro do Trabalho e Emprego; e Vagner Freitas, da categoria banc\u00e1ria. Tamb\u00e9m houve homenagens ao ex-presidente Jo\u00e3o Fel\u00edcio, falecido em 2020.<\/p>\n<\/div>\n<\/div>\n<div class=\"elementor-element elementor-element-76b46e1 elementor-widget elementor-widget-post-info\" data-id=\"76b46e1\" data-element_type=\"widget\" data-widget_type=\"post-info.default\">\n<div class=\"elementor-widget-container\">\n<p><strong><span class=\"elementor-icon-list-text elementor-post-info__item elementor-post-info__item--type-terms\"><span class=\"elementor-post-info__terms-list\">Fonte: Contraf-CUT<\/span><\/span><\/strong><\/p>\n<\/div>\n<\/div>\n","protected":false},"excerpt":{"rendered":"<p>A celebra\u00e7\u00e3o dos 40 anos da CUT come\u00e7ou nesta quinta-feira (11), com o lan\u00e7amento de sua marca comemorativa (imagem acima). O programa contou a hist\u00f3ria da central que ajudou a mudar o Brasil e trouxe in\u00fameras conquistas para a classe trabalhadora. A\u00a0live\u00a0foi apresentada pelo presidente da CUT, S\u00e9rgio Nobre, ao lado de figuras emblem\u00e1ticas da [&hellip;]<\/p>\n","protected":false},"author":2,"featured_media":14081,"comment_status":"","ping_status":"","sticky":false,"template":"","format":"standard","meta":{"footnotes":""},"categories":[3],"tags":[],"class_list":["post-14082","post","type-post","status-publish","format-standard","has-post-thumbnail","hentry","category-noticias"],"_links":{"self":[{"href":"https:\/\/hostnetart.com.br\/baixada\/wp-json\/wp\/v2\/posts\/14082","targetHints":{"allow":["GET"]}}],"collection":[{"href":"https:\/\/hostnetart.com.br\/baixada\/wp-json\/wp\/v2\/posts"}],"about":[{"href":"https:\/\/hostnetart.com.br\/baixada\/wp-json\/wp\/v2\/types\/post"}],"author":[{"embeddable":true,"href":"https:\/\/hostnetart.com.br\/baixada\/wp-json\/wp\/v2\/users\/2"}],"replies":[{"embeddable":true,"href":"https:\/\/hostnetart.com.br\/baixada\/wp-json\/wp\/v2\/comments?post=14082"}],"version-history":[{"count":0,"href":"https:\/\/hostnetart.com.br\/baixada\/wp-json\/wp\/v2\/posts\/14082\/revisions"}],"wp:featuredmedia":[{"embeddable":true,"href":"https:\/\/hostnetart.com.br\/baixada\/wp-json\/wp\/v2\/media\/14081"}],"wp:attachment":[{"href":"https:\/\/hostnetart.com.br\/baixada\/wp-json\/wp\/v2\/media?parent=14082"}],"wp:term":[{"taxonomy":"category","embeddable":true,"href":"https:\/\/hostnetart.com.br\/baixada\/wp-json\/wp\/v2\/categories?post=14082"},{"taxonomy":"post_tag","embeddable":true,"href":"https:\/\/hostnetart.com.br\/baixada\/wp-json\/wp\/v2\/tags?post=14082"}],"curies":[{"name":"wp","href":"https:\/\/api.w.org\/{rel}","templated":true}]}}