{"id":14078,"date":"2023-05-12T03:19:29","date_gmt":"2023-05-12T06:19:29","guid":{"rendered":"https:\/\/hostnetart.com.br\/baixada\/cut-inicia-celebracao-dos-40-anos-evocando-a-historia-e-com-olhar-para-as-mudancas-no-mundo-do-trabalho\/"},"modified":"2023-05-12T03:19:29","modified_gmt":"2023-05-12T06:19:29","slug":"cut-inicia-celebracao-dos-40-anos-evocando-a-historia-e-com-olhar-para-as-mudancas-no-mundo-do-trabalho","status":"publish","type":"post","link":"https:\/\/hostnetart.com.br\/baixada\/cut-inicia-celebracao-dos-40-anos-evocando-a-historia-e-com-olhar-para-as-mudancas-no-mundo-do-trabalho\/","title":{"rendered":"CUT inicia celebra\u00e7\u00e3o dos 40 anos evocando a hist\u00f3ria e com olhar para as mudan\u00e7as no mundo do trabalho"},"content":{"rendered":"<p>A CUT abriu nesta quinta-feira (11) as celebra\u00e7\u00f5es pelos seus 40 anos, que ser\u00e3o completados em agosto.\u00a0<a href=\"https:\/\/www.youtube.com\/live\/SDfrklcxbuU?feature=share\" target=\"_blank\" rel=\"noopener noreferrer\">Em\u00a0<em>live<\/em>,<\/a>\u00a0a central lan\u00e7ou marca comemorativa, reuniu os ex-presidentes e falou em transi\u00e7\u00e3o, apontando para a necessidade de acompanhar as transforma\u00e7\u00f5es no mundo do trabalho. Segundo o atual presidente, S\u00e9rgio Nobre, \u00e9 preciso defender tamb\u00e9m os interesses dos que est\u00e3o \u201c\u00e0 margem da legisla\u00e7\u00e3o\u201d, sem direitos, vivendo de \u201cbicos\u201d.<\/p>\n<p>Ele observou que a origem da central se confunde com a hist\u00f3ria do pa\u00eds. \u201cNessa trajet\u00f3ria, os 40 anos da CUT se fundem \u00e0 hist\u00f3ria do Brasil n\u00e3o somente pela defesa intransigente dos direitos da classe trabalhadora, mas tamb\u00e9m porque a CUT est\u00e1 no DNA da luta pela redemocratiza\u00e7\u00e3o do pa\u00eds e essa luta est\u00e1 no DNA da nossa central.\u201d<\/p>\n<h3>A primeira Conclat<\/h3>\n<p>A entidade foi fundada em 28 de agosto de 1983, durante congresso em S\u00e3o Bernardo do Campo, no ABC paulista. O pa\u00eds ainda estava sob ditadura, que s\u00f3 terminaria formalmente dois anos depois. Mas, antes, o movimento sindical j\u00e1 tentava se articular, na esteira dos movimentos por anistia e \u201cabertura\u201d pol\u00edtica. O primeiro passo foi organizar a\u00a0<a href=\"https:\/\/www.redebrasilatual.com.br\/trabalho\/conclat-foi-a-matriz-de-unidades-e-desencontros-sindicais\/?swcfpc=1\" target=\"_blank\" rel=\"noopener noreferrer\">Confer\u00eancia Nacional da Classe Trabalhadora (Conclat), em 1981<\/a>, reunindo as v\u00e1rias correntes de pensamento das entidades sindicais.<\/p>\n<p>Se antes o esfor\u00e7o era pela redemocratiza\u00e7\u00e3o, agora \u00e9 pela \u201creconstru\u00e7\u00e3o\u201d do pa\u00eds, dizem os cutistas. S\u00e9rgio se refere \u00e0 elei\u00e7\u00e3o de 2022 como a \u201cmaior vit\u00f3ria da classe trabalhadora\u201d no per\u00edodo recente. Por derrotar \u201co fascismo e seu legado de morte e de destrui\u00e7\u00e3o de direitos\u201d. Mas ele ressalta o desafio para recuperar \u201ctudo o que nos foi tirado desde 2016\u201d, al\u00e9m de avan\u00e7ar na conquista de direitos.<\/p>\n<h3>Congresso nacional<\/h3>\n<p>Neste ano do 40\u00ba anivers\u00e1rio, a CUT tamb\u00e9m realizar\u00e1 seu 14\u00ba congresso nacional. A atual vice-presidente da central, Juvandia Moreira, lembrou que est\u00e3o previstos ainda ciclo de debates, festival de cultura e a volta do Pr\u00eamio CUT de Democracia, em uma terceira edi\u00e7\u00e3o.<\/p>\n<p>Primeiro presidente da central, Jair Meneguelli lembrou do movimento pelo impeachment do ent\u00e3o presidente Fernando Collor (em 1992) e da conquista da redu\u00e7\u00e3o da jornada de 48 para 44 horas semanais, na Constitui\u00e7\u00e3o de 1988. Tamb\u00e9m falaram os ex-presidentes Vicente Paulo da Silva, o Vicentinho (atual deputado federal), Artur Henrique, Vagner Freitas (presidente do Sesi) e Luiz Marinho, ministro do Trabalho e Emprego no governo Lula. A central homenageou\u00a0<a href=\"https:\/\/www.redebrasilatual.com.br\/trabalho\/morre-joao-felicio-ex-presidente-da-apeoesp-da-cut-e-da-csi\/?swcfpc=1\">Jo\u00e3o Fel\u00edcio<\/a>\u00a0e\u00a0<a href=\"https:\/\/www.redebrasilatual.com.br\/politica\/morre-kjeld-jakobsen-um-cidadao-do-mundo-que-ajudou-a-mudar-o-brasil\/?swcfpc=1\" target=\"_blank\" rel=\"noopener noreferrer\">Kjeld Jakobsen<\/a>. Ambos morreram em 2020.<\/p>\n<p><strong>Fonte: Rede Brasil Atual<\/strong><\/p>\n","protected":false},"excerpt":{"rendered":"<p>A CUT abriu nesta quinta-feira (11) as celebra\u00e7\u00f5es pelos seus 40 anos, que ser\u00e3o completados em agosto.\u00a0Em\u00a0live,\u00a0a central lan\u00e7ou marca comemorativa, reuniu os ex-presidentes e falou em transi\u00e7\u00e3o, apontando para a necessidade de acompanhar as transforma\u00e7\u00f5es no mundo do trabalho. Segundo o atual presidente, S\u00e9rgio Nobre, \u00e9 preciso defender tamb\u00e9m os interesses dos que est\u00e3o [&hellip;]<\/p>\n","protected":false},"author":2,"featured_media":14077,"comment_status":"","ping_status":"","sticky":false,"template":"","format":"standard","meta":{"footnotes":""},"categories":[3],"tags":[],"class_list":["post-14078","post","type-post","status-publish","format-standard","has-post-thumbnail","hentry","category-noticias"],"_links":{"self":[{"href":"https:\/\/hostnetart.com.br\/baixada\/wp-json\/wp\/v2\/posts\/14078","targetHints":{"allow":["GET"]}}],"collection":[{"href":"https:\/\/hostnetart.com.br\/baixada\/wp-json\/wp\/v2\/posts"}],"about":[{"href":"https:\/\/hostnetart.com.br\/baixada\/wp-json\/wp\/v2\/types\/post"}],"author":[{"embeddable":true,"href":"https:\/\/hostnetart.com.br\/baixada\/wp-json\/wp\/v2\/users\/2"}],"replies":[{"embeddable":true,"href":"https:\/\/hostnetart.com.br\/baixada\/wp-json\/wp\/v2\/comments?post=14078"}],"version-history":[{"count":0,"href":"https:\/\/hostnetart.com.br\/baixada\/wp-json\/wp\/v2\/posts\/14078\/revisions"}],"wp:featuredmedia":[{"embeddable":true,"href":"https:\/\/hostnetart.com.br\/baixada\/wp-json\/wp\/v2\/media\/14077"}],"wp:attachment":[{"href":"https:\/\/hostnetart.com.br\/baixada\/wp-json\/wp\/v2\/media?parent=14078"}],"wp:term":[{"taxonomy":"category","embeddable":true,"href":"https:\/\/hostnetart.com.br\/baixada\/wp-json\/wp\/v2\/categories?post=14078"},{"taxonomy":"post_tag","embeddable":true,"href":"https:\/\/hostnetart.com.br\/baixada\/wp-json\/wp\/v2\/tags?post=14078"}],"curies":[{"name":"wp","href":"https:\/\/api.w.org\/{rel}","templated":true}]}}