{"id":14074,"date":"2023-05-11T17:49:04","date_gmt":"2023-05-11T20:49:04","guid":{"rendered":"https:\/\/hostnetart.com.br\/baixada\/cut-lanca-marca-de-seus-40-anos-nesta-quinta-feira-11\/"},"modified":"2023-05-11T17:49:04","modified_gmt":"2023-05-11T20:49:04","slug":"cut-lanca-marca-de-seus-40-anos-nesta-quinta-feira-11","status":"publish","type":"post","link":"https:\/\/hostnetart.com.br\/baixada\/cut-lanca-marca-de-seus-40-anos-nesta-quinta-feira-11\/","title":{"rendered":"CUT lan\u00e7a marca de seus 40 anos nesta quinta-feira (11)"},"content":{"rendered":"<p><strong><\/strong><\/p>\n<p>A CUT d\u00e1 in\u00edcio, nesta quinta-feira (11), \u00e0s comemora\u00e7\u00f5es de seus 40 anos de funda\u00e7\u00e3o, ocorrida em 28 de agosto de 1983. \u00c0s 18 horas o lan\u00e7amento da marca comemorativa, criada para o per\u00edodo de celebra\u00e7\u00f5es, ser\u00e1 feito em uma\u00a0<em>live<\/em>, transmitida pelas p\u00e1ginas da entidade no\u00a0<a href=\"https:\/\/www.facebook.com\/events\/1717602295338642\" target=\"_blank\" rel=\"noopener noreferrer\">Facebook<\/a>\u00a0e no\u00a0<a href=\"https:\/\/www.youtube.com\/watch?v=SDfrklcxbuU\" target=\"_blank\" rel=\"noopener noreferrer\">YouTube<\/a>.<\/p>\n<p>A apresenta\u00e7\u00e3o ser\u00e1 feita pelo presidente nacional da CUT, S\u00e9rgio Nobre, com participa\u00e7\u00e3o de dirigentes e ex-presidentes da Central, entre eles o ministro do Trabalho, Luiz Marinho. Nobre destaca que o anivers\u00e1rio emblem\u00e1tico ocorre no mesmo ano do 14\u00ba Congresso Nacional da CUT, o que, torna ainda mais relevante a celebra\u00e7\u00e3o das quatro d\u00e9cadas da Central.<\/p>\n<p>\u201cA classe trabalhadora conquistou a sua maior vit\u00f3ria recentemente, o que nos d\u00e1 ainda mais motivos para celebrar os 40 anos da CUT, por\u00e9m os desafios ainda s\u00e3o enormes para recuperar tudo que nos foi tirado desde 2016 e para avan\u00e7ar e conquistar ainda mais direitos\u201d, afirmou o dirigente.<\/p>\n<h3><strong>Lutas e vit\u00f3rias<\/strong><\/h3>\n<p>A cria\u00e7\u00e3o da CUT \u2013 primeira central ap\u00f3s o golpe de 1964 e tamb\u00e9m a primeira no pa\u00eds a ser lan\u00e7ada pela base \u2013 desafiou a legisla\u00e7\u00e3o sindical da d\u00e9cada de 1980, que proibia a organiza\u00e7\u00e3o dos trabalhadores de diferentes categorias em uma s\u00f3 entidade.<\/p>\n<p>Em 28 de agosto de 1983, 5.059 trabalhadores e trabalhadoras vindos de todas as regi\u00f5es do pa\u00eds come\u00e7aram essa hist\u00f3ria. Eles representavam 912 entidades \u2013 335 urbanas, 310 rurais, 134 associa\u00e7\u00f5es pr\u00e9-sindicais e 99 associa\u00e7\u00f5es de funcion\u00e1rios p\u00fablicos, al\u00e9m de cinco federa\u00e7\u00f5es, oito entidades nacionais e confedera\u00e7\u00f5es. O encontro ocorreu no galp\u00e3o daquele que havia sido o maior est\u00fadio cinematogr\u00e1fico brasileiro, o Vera Cruz.<\/p>\n<p>O Brasil enfrentava grave crise econ\u00f4mica, com infla\u00e7\u00e3o de 150% e devia mais de US$ 100 bilh\u00f5es. Na \u00e9poca, o Brasil se rendeu ao Fundo Monet\u00e1rio Internacional (FMI), rifando, assim, a sua soberania. No governo Lula, foi o mesmo FMI que tomou dinheiro emprestado do pa\u00eds.<\/p>\n<p>Um m\u00eas antes da funda\u00e7\u00e3o da CUT, houve greve geral no pa\u00eds, em profunda recess\u00e3o. Apenas nos dois primeiros meses de 1983, a ind\u00fastria paulista havia demitido 47 mil trabalhadores, quase o total do ano anterior. O brasileiro vivia sob repress\u00e3o pol\u00edtica e desemprego, com sal\u00e1rios corro\u00eddos. Agora, 40 anos depois, o pa\u00eds retrocedeu, e enfrenta realidade similar.<\/p>\n<p>Naquela \u00e9poca, esse cen\u00e1rio levou o congresso de funda\u00e7\u00e3o da CUT a aprovar lutas pelo fim da Lei de Seguran\u00e7a Nacional e da ditadura militar, o combate \u00e0 pol\u00edtica econ\u00f4mica do governo do general Jo\u00e3o Batista Figueiredo, contra o desemprego, pela reforma agr\u00e1ria sob controle dos trabalhadores, reajustes trimestrais dos sal\u00e1rios e liberdade e autonomia sindical.<\/p>\n<p>Para o primeiro ano da CUT, foi eleita uma coordena\u00e7\u00e3o liderada por Jair Meneguelli, ent\u00e3o presidente do Sindicato dos Metal\u00fargicos de S\u00e3o Bernardo do Campo e Diadema (hoje Metal\u00fargicos do ABC), que estava sob interven\u00e7\u00e3o. Em 1984, a central elegeu a primeira dire\u00e7\u00e3o completa, e seu primeiro presidente tamb\u00e9m foi Meneguelli.<\/p>\n<p>Come\u00e7aria, ent\u00e3o, a hist\u00f3ria de uma central que hoje est\u00e1 presente em todos os ramos de atividade econ\u00f4mica do pa\u00eds, com 3.960 entidades filiadas, 7,9 milh\u00f5es de associados e associadas e 25,8 milh\u00f5es de trabalhadores e trabalhadoras na base.<\/p>\n<p>Leia a\u00a0<a href=\"https:\/\/www.cut.org.br\/noticias\/cut-lanca-marca-dos-seus-40-anos-de-fundacao-nesta-quinta-feira-11-as-18h-f5c2\" target=\"_blank\" rel=\"noopener noreferrer\">reportagem completa<\/a>\u00a0no site da CUT.<\/p>\n<p><strong>Fonte<\/strong>:\u00a0<a href=\"https:\/\/www.cut.org.br\/\" target=\"_blank\" rel=\"noopener noreferrer\">CUT<\/a><\/p>\n","protected":false},"excerpt":{"rendered":"<p>A CUT d\u00e1 in\u00edcio, nesta quinta-feira (11), \u00e0s comemora\u00e7\u00f5es de seus 40 anos de funda\u00e7\u00e3o, ocorrida em 28 de agosto de 1983. \u00c0s 18 horas o lan\u00e7amento da marca comemorativa, criada para o per\u00edodo de celebra\u00e7\u00f5es, ser\u00e1 feito em uma\u00a0live, transmitida pelas p\u00e1ginas da entidade no\u00a0Facebook\u00a0e no\u00a0YouTube. A apresenta\u00e7\u00e3o ser\u00e1 feita pelo presidente nacional da [&hellip;]<\/p>\n","protected":false},"author":2,"featured_media":14073,"comment_status":"","ping_status":"","sticky":false,"template":"","format":"standard","meta":{"footnotes":""},"categories":[3],"tags":[],"class_list":["post-14074","post","type-post","status-publish","format-standard","has-post-thumbnail","hentry","category-noticias"],"_links":{"self":[{"href":"https:\/\/hostnetart.com.br\/baixada\/wp-json\/wp\/v2\/posts\/14074","targetHints":{"allow":["GET"]}}],"collection":[{"href":"https:\/\/hostnetart.com.br\/baixada\/wp-json\/wp\/v2\/posts"}],"about":[{"href":"https:\/\/hostnetart.com.br\/baixada\/wp-json\/wp\/v2\/types\/post"}],"author":[{"embeddable":true,"href":"https:\/\/hostnetart.com.br\/baixada\/wp-json\/wp\/v2\/users\/2"}],"replies":[{"embeddable":true,"href":"https:\/\/hostnetart.com.br\/baixada\/wp-json\/wp\/v2\/comments?post=14074"}],"version-history":[{"count":0,"href":"https:\/\/hostnetart.com.br\/baixada\/wp-json\/wp\/v2\/posts\/14074\/revisions"}],"wp:featuredmedia":[{"embeddable":true,"href":"https:\/\/hostnetart.com.br\/baixada\/wp-json\/wp\/v2\/media\/14073"}],"wp:attachment":[{"href":"https:\/\/hostnetart.com.br\/baixada\/wp-json\/wp\/v2\/media?parent=14074"}],"wp:term":[{"taxonomy":"category","embeddable":true,"href":"https:\/\/hostnetart.com.br\/baixada\/wp-json\/wp\/v2\/categories?post=14074"},{"taxonomy":"post_tag","embeddable":true,"href":"https:\/\/hostnetart.com.br\/baixada\/wp-json\/wp\/v2\/tags?post=14074"}],"curies":[{"name":"wp","href":"https:\/\/api.w.org\/{rel}","templated":true}]}}