{"id":14072,"date":"2023-05-11T14:02:31","date_gmt":"2023-05-11T17:02:31","guid":{"rendered":"https:\/\/hostnetart.com.br\/baixada\/novo-representante-dos-empregados-no-ca-da-caixa-foi-eleito-nesta-quarta-10\/"},"modified":"2023-05-11T14:02:31","modified_gmt":"2023-05-11T17:02:31","slug":"novo-representante-dos-empregados-no-ca-da-caixa-foi-eleito-nesta-quarta-10","status":"publish","type":"post","link":"https:\/\/hostnetart.com.br\/baixada\/novo-representante-dos-empregados-no-ca-da-caixa-foi-eleito-nesta-quarta-10\/","title":{"rendered":"Novo representante dos empregados no CA da Caixa foi eleito nesta quarta (10)"},"content":{"rendered":"<p>Est\u00e1 eleito o novo representante dos empregados no Conselho de Administra\u00e7\u00e3o da Caixa (CA\/Caixa). \u00c9 Messias Bastos, quem recebeu 14.491 votos no segundo turno das elei\u00e7\u00f5es, realizado entre os dias 5 e 10 de maio.<\/p>\n<p>Em seu\u00a0<a href=\"https:\/\/www.instagram.com\/p\/CsFMUKuLtzH\/\" target=\"_blank\" rel=\"noopener noreferrer\">perfil no Instagram<\/a>, Eduardo Nunes agradeceu a participa\u00e7\u00e3o das empregadas e empregados, os votos recebidos e sorte ao Messias. \u201cDesejo que o vencedor realize um excelente trabalho na representa\u00e7\u00e3o de todos os empregados Caixa no CA.\u201d<\/p>\n<p>O Conselho de Administra\u00e7\u00e3o da Caixa \u00e9 composto por oito membros \u2013 apenas um representa os trabalhadores. A participa\u00e7\u00e3o de um representante dos empregados no Conselho de Administra\u00e7\u00e3o das estatais \u00e9 garantida pela Lei 12.353, sancionada pelo ent\u00e3o presidente Lu\u00eds In\u00e1cio Lula da Silva, em 2010.<\/p>\n<p>O CA \u00e9 o \u00f3rg\u00e3o de decis\u00e3o colegiada e de orienta\u00e7\u00e3o geral dos neg\u00f3cios do banco, respons\u00e1vel por definir diretrizes e objetivos empresariais e por monitorar e avaliar os resultados. Tamb\u00e9m deve estabelecer a orienta\u00e7\u00e3o geral dos neg\u00f3cios da Caixa e decidir sobre quest\u00f5es estrat\u00e9gicas.<\/p>\n<p><strong>Fonte:\u00a0<a href=\"https:\/\/www.fenae.org.br\/portal\/fenae-portal\/novo-representante-dos-empregados-no-ca-da-caixa-foi-eleito-nesta-quinta-10.htm\" target=\"_blank\" rel=\"noopener noreferrer\">Fenae<\/a>, com edi\u00e7\u00f5es da Contraf-CUT<\/strong><\/p>\n","protected":false},"excerpt":{"rendered":"<p>Est\u00e1 eleito o novo representante dos empregados no Conselho de Administra\u00e7\u00e3o da Caixa (CA\/Caixa). \u00c9 Messias Bastos, quem recebeu 14.491 votos no segundo turno das elei\u00e7\u00f5es, realizado entre os dias 5 e 10 de maio. Em seu\u00a0perfil no Instagram, Eduardo Nunes agradeceu a participa\u00e7\u00e3o das empregadas e empregados, os votos recebidos e sorte ao Messias. [&hellip;]<\/p>\n","protected":false},"author":2,"featured_media":14071,"comment_status":"","ping_status":"","sticky":false,"template":"","format":"standard","meta":{"footnotes":""},"categories":[3],"tags":[],"class_list":["post-14072","post","type-post","status-publish","format-standard","has-post-thumbnail","hentry","category-noticias"],"_links":{"self":[{"href":"https:\/\/hostnetart.com.br\/baixada\/wp-json\/wp\/v2\/posts\/14072","targetHints":{"allow":["GET"]}}],"collection":[{"href":"https:\/\/hostnetart.com.br\/baixada\/wp-json\/wp\/v2\/posts"}],"about":[{"href":"https:\/\/hostnetart.com.br\/baixada\/wp-json\/wp\/v2\/types\/post"}],"author":[{"embeddable":true,"href":"https:\/\/hostnetart.com.br\/baixada\/wp-json\/wp\/v2\/users\/2"}],"replies":[{"embeddable":true,"href":"https:\/\/hostnetart.com.br\/baixada\/wp-json\/wp\/v2\/comments?post=14072"}],"version-history":[{"count":0,"href":"https:\/\/hostnetart.com.br\/baixada\/wp-json\/wp\/v2\/posts\/14072\/revisions"}],"wp:featuredmedia":[{"embeddable":true,"href":"https:\/\/hostnetart.com.br\/baixada\/wp-json\/wp\/v2\/media\/14071"}],"wp:attachment":[{"href":"https:\/\/hostnetart.com.br\/baixada\/wp-json\/wp\/v2\/media?parent=14072"}],"wp:term":[{"taxonomy":"category","embeddable":true,"href":"https:\/\/hostnetart.com.br\/baixada\/wp-json\/wp\/v2\/categories?post=14072"},{"taxonomy":"post_tag","embeddable":true,"href":"https:\/\/hostnetart.com.br\/baixada\/wp-json\/wp\/v2\/tags?post=14072"}],"curies":[{"name":"wp","href":"https:\/\/api.w.org\/{rel}","templated":true}]}}