{"id":14070,"date":"2023-05-11T14:00:56","date_gmt":"2023-05-11T17:00:56","guid":{"rendered":"https:\/\/hostnetart.com.br\/baixada\/base-vai-debater-sobre-problemas-do-saude-caixa\/"},"modified":"2023-05-11T14:00:56","modified_gmt":"2023-05-11T17:00:56","slug":"base-vai-debater-sobre-problemas-do-saude-caixa","status":"publish","type":"post","link":"https:\/\/hostnetart.com.br\/baixada\/base-vai-debater-sobre-problemas-do-saude-caixa\/","title":{"rendered":"Base vai debater sobre problemas do Sa\u00fade Caixa"},"content":{"rendered":"<p>O Comando Nacional dos Banc\u00e1rios, que \u00e9 formado por representantes de sindicatos e federa\u00e7\u00f5es da categoria de quase todo o pa\u00eds, por meio da Comiss\u00e3o Executiva dos Empregados (CEE) da Caixa Econ\u00f4mica Federal e do Grupo de Trabalho do Sa\u00fade Caixa, vai realizar um semin\u00e1rio nacional para debater os principais problemas que afetam o dia a dia do pessoal da Caixa, com prioridade para o debate sobre o plano de sa\u00fade das empregadas e empregados do banco. A orienta\u00e7\u00e3o \u00e9 para que as entidades sindicais realizem o debate com suas bases e promovam semin\u00e1rios locais e regionais para que as propostas sejam aprofundadas no semin\u00e1rio nacional.<\/p>\n<p>\u201cFizemos um acordo no ano passado que tem validade at\u00e9 2024. Neste ano, a\u00a0<a href=\"https:\/\/contrafcut.com.br\/noticias\/conferencia-nacional-dos-bancarios-sera-em-agosto\" target=\"_blank\" rel=\"noopener noreferrer\">Confer\u00eancia Nacional dos Banc\u00e1rios<\/a>\u00a0vai discutir apenas temas gerais ligados ao futuro da categoria e \u00e0 organiza\u00e7\u00e3o do ramo financeiro, al\u00e9m de outros que envolvem toda a classe trabalhadora, como a reforma tribut\u00e1ria, inclusive com propostas para ampliar a faixa de isen\u00e7\u00e3o do imposto de renda, tanto na tabela geral, quanto na tabela espec\u00edfica da PLR (Participa\u00e7\u00e3o nos Lucros e Resultados)\u201d, explicou a presidenta da Confedera\u00e7\u00e3o Nacional dos Trabalhadores do Ramo Financeiro (Contraf-CUT) e coordenadora do Comando Nacional dos Banc\u00e1rios, Juvandia Moreira. \u201cAs comiss\u00f5es de trabalhadores espec\u00edficas de cada banco, como a CEE, ficaram com a incumb\u00eancia de definir um calend\u00e1rio para continuar as negocia\u00e7\u00f5es espec\u00edficas nas mesas permanentes e, no caso da Caixa, j\u00e1 se definiu que h\u00e1 a necessidade de se fazer um semin\u00e1rio nacional para debater e buscar solu\u00e7\u00f5es para os problemas do Sa\u00fade Caixa\u201d, completou.<\/p>\n<p>A coordenadora da CEE, Fabiana Uehara Proscholdt, lembra que j\u00e1 existem\u00a0<a href=\"https:\/\/contrafcut.com.br\/noticias\/empregados-voltam-a-pedir-descentralizacao-no-atendimento-do-saude-caixa\" target=\"_blank\" rel=\"noopener noreferrer\">negocia\u00e7\u00f5es em andamento sobre o Sa\u00fade Caixa<\/a>\u00a0e tamb\u00e9m mesas espec\u00edficas sobre\u00a0<a href=\"https:\/\/contrafcut.com.br\/noticias\/empregados-e-caixa-debatem-sobre-condicoes-de-trabalho\" target=\"_blank\" rel=\"noopener noreferrer\">sa\u00fade e condi\u00e7\u00f5es de trabalho<\/a>\u00a0e sobre problemas que envolvem os\u00a0<a href=\"https:\/\/contrafcut.com.br\/noticias\/empregados-da-caixa-cobram-melhores-condicoes-de-trabalho-para-caixas-tesoureiros-e-avaliadores-de-penhor\" target=\"_blank\" rel=\"noopener noreferrer\">caixas, tesoureiros e avaliadores de penhor<\/a>. \u201cJ\u00e1 temos garantido aumento real nos sal\u00e1rios e verbas econ\u00f4micas e tamb\u00e9m a manuten\u00e7\u00e3o dos direitos at\u00e9 agosto de 2024. Por isso, estamos tratando de pontos urgentes, que afetam o dia a dia de trabalho nas unidades, em mesas permanentes de negocia\u00e7\u00e3o\u201d, explicou. \u201cMas, sentimos a necessidade de fazermos um amplo debate sobre o Sa\u00fade Caixa, para que as bases nos tragam suas ideias e a gente possa aprofundar o assunto em um semin\u00e1rio nacional para apresentar solu\u00e7\u00f5es ao banco\u201d, completou.<\/p>\n<h3><strong>Pontos para o debate<\/strong><\/h3>\n<p>A remo\u00e7\u00e3o do estatuto da Caixa do\u00a0<a href=\"https:\/\/contrafcut.com.br\/noticias\/caixa-impoe-teto-de-gastos-para-o-plano-de-saude-dos-empregados-a869\" target=\"_blank\" rel=\"noopener noreferrer\">teto que o banco pode ter com plano de sa\u00fade<\/a>\u00a0dos empregados, a necessidade de descentraliza\u00e7\u00e3o da gest\u00e3o do Sa\u00fade Caixa para melhoria no atendimento e amplia\u00e7\u00e3o dos credenciamentos de profissionais da sa\u00fade e hospitais, o retorno das estruturas da diretoria de Gest\u00e3o de Pessoas (Gipes) nos estados e a revis\u00e3o da forma de cobran\u00e7a de mensalidades e coparticipa\u00e7\u00e3o devido a erros de sistema do banco est\u00e3o entre os principais pontos a serem discutidos.<\/p>\n<p>A diretora executiva da Contraf-CUT, Eliana Brasil, ressalta a import\u00e2ncia do debate sobre o Sa\u00fade Caixa. \u201cTemos que avan\u00e7ar nas negocia\u00e7\u00f5es, pois, se n\u00e3o houver altera\u00e7\u00f5es no Estatuto da Caixa, muitos empregados n\u00e3o ter\u00e3o como manter os pagamentos. Ser\u00e3o for\u00e7ados a se desligar e isso pode prejudicar toda a sustentabilidade do Sa\u00fade Caixa\u201d, completou.<\/p>\n<h3><strong>Descentraliza\u00e7\u00e3o da gest\u00e3o<\/strong><\/h3>\n<p>Na Campanha Nacional de 2022, a CEE da Caixa j\u00e1 havia cobrado a descentraliza\u00e7\u00e3o da gest\u00e3o do Sa\u00fade Caixa para tentar melhorar o atendimento e possibilitar o aumento dos credenciamentos de profissionais de sa\u00fade, cl\u00ednicas e hospitais, al\u00e9m do retorno das estruturas da Gipes nos estados, como suporte \u00e0 descentraliza\u00e7\u00e3o da gest\u00e3o. Mas, n\u00e3o houve avan\u00e7os nas negocia\u00e7\u00f5es com o banco e o debate foi prorrogado para este ano.<\/p>\n<p>\u201cVamos insistir para que sejam recriadas estruturas descentralizadas para o Sa\u00fade Caixa e para ter informa\u00e7\u00f5es detalhadas sobre as microrregi\u00f5es. Recebemos muita demanda e precisamos saber o que acontece al\u00e9m dos grandes centros\u201d, destacou o diretor de Sa\u00fade e Previd\u00eancia da Federa\u00e7\u00e3o Nacional das Associa\u00e7\u00f5es do Pessoal da Caixa (Fenae), Leonardo Quadros, que tamb\u00e9m \u00e9 diretor-presidente da Associa\u00e7\u00e3o do Pessoal da Caixa do Estado de S\u00e3o Paulo (Apcef-SP).<\/p>\n<h3><strong>Tim-tim por tim-tim<\/strong><\/h3>\n<p>Para ajudar no debate, a Contraf-CUT vai publicar uma s\u00e9rie de textos para relembrar os principais pontos que ficaram pendentes na negocia\u00e7\u00e3o e outros que surgiram mais recentemente. \u201cNossa ideia \u00e9 dar subs\u00eddios para a discuss\u00e3o, numa tentativa de suscitar a formula\u00e7\u00e3o de propostas para a solu\u00e7\u00e3o\u201d, disse diretor da Contraf-CUT, Rafael de Castro. \u201cO Sa\u00fade Caixa \u00e9 uma conquista hist\u00f3rica muito importante e muito valiosa para todo o pessoal da Caixa. N\u00e3o podemos correr o risco de perd\u00ea-la\u201d, completou.<\/p>\n<p><strong>Fonte: Contraf-CUT<\/strong><\/p>\n","protected":false},"excerpt":{"rendered":"<p>O Comando Nacional dos Banc\u00e1rios, que \u00e9 formado por representantes de sindicatos e federa\u00e7\u00f5es da categoria de quase todo o pa\u00eds, por meio da Comiss\u00e3o Executiva dos Empregados (CEE) da Caixa Econ\u00f4mica Federal e do Grupo de Trabalho do Sa\u00fade Caixa, vai realizar um semin\u00e1rio nacional para debater os principais problemas que afetam o dia [&hellip;]<\/p>\n","protected":false},"author":2,"featured_media":14069,"comment_status":"","ping_status":"","sticky":false,"template":"","format":"standard","meta":{"footnotes":""},"categories":[3],"tags":[],"class_list":["post-14070","post","type-post","status-publish","format-standard","has-post-thumbnail","hentry","category-noticias"],"_links":{"self":[{"href":"https:\/\/hostnetart.com.br\/baixada\/wp-json\/wp\/v2\/posts\/14070","targetHints":{"allow":["GET"]}}],"collection":[{"href":"https:\/\/hostnetart.com.br\/baixada\/wp-json\/wp\/v2\/posts"}],"about":[{"href":"https:\/\/hostnetart.com.br\/baixada\/wp-json\/wp\/v2\/types\/post"}],"author":[{"embeddable":true,"href":"https:\/\/hostnetart.com.br\/baixada\/wp-json\/wp\/v2\/users\/2"}],"replies":[{"embeddable":true,"href":"https:\/\/hostnetart.com.br\/baixada\/wp-json\/wp\/v2\/comments?post=14070"}],"version-history":[{"count":0,"href":"https:\/\/hostnetart.com.br\/baixada\/wp-json\/wp\/v2\/posts\/14070\/revisions"}],"wp:featuredmedia":[{"embeddable":true,"href":"https:\/\/hostnetart.com.br\/baixada\/wp-json\/wp\/v2\/media\/14069"}],"wp:attachment":[{"href":"https:\/\/hostnetart.com.br\/baixada\/wp-json\/wp\/v2\/media?parent=14070"}],"wp:term":[{"taxonomy":"category","embeddable":true,"href":"https:\/\/hostnetart.com.br\/baixada\/wp-json\/wp\/v2\/categories?post=14070"},{"taxonomy":"post_tag","embeddable":true,"href":"https:\/\/hostnetart.com.br\/baixada\/wp-json\/wp\/v2\/tags?post=14070"}],"curies":[{"name":"wp","href":"https:\/\/api.w.org\/{rel}","templated":true}]}}