{"id":14066,"date":"2023-05-11T13:40:54","date_gmt":"2023-05-11T16:40:54","guid":{"rendered":"https:\/\/hostnetart.com.br\/baixada\/bancarios-tiveram-capacidade-para-o-trabalho-reduzida-pos-covid\/"},"modified":"2023-05-11T13:40:54","modified_gmt":"2023-05-11T16:40:54","slug":"bancarios-tiveram-capacidade-para-o-trabalho-reduzida-pos-covid","status":"publish","type":"post","link":"https:\/\/hostnetart.com.br\/baixada\/bancarios-tiveram-capacidade-para-o-trabalho-reduzida-pos-covid\/","title":{"rendered":"Banc\u00e1rios tiveram capacidade para o trabalho reduzida p\u00f3s-covid"},"content":{"rendered":"<p>Dos banc\u00e1rios que sentiram os efeitos da covid-19 por mais de quatro dias, 62,5% apresentaram redu\u00e7\u00e3o do \u00cdndice de Capacidade para o Trabalho (ICT). Os sintomas mais frequentemente associados com essa diminui\u00e7\u00e3o foram fadiga (93,2%), depress\u00e3o (68,2%) e ansiedade (76,8%).<\/p>\n<p>Os dados s\u00e3o da primeira consulta feita em um estudo com 607 banc\u00e1rios feito pelo Departamento de Neurologia (DN) da Faculdade de Ci\u00eancias M\u00e9dicas (FCM) da Unicamp, com o apoio do Departamento de Sa\u00fade Coletiva (DSC), para investigar os sintomas associados com a redu\u00e7\u00e3o da capacidade para o trabalho, em indiv\u00edduos com s\u00edndrome da covid longa.<\/p>\n<p>Um ano ap\u00f3s a primeira entrevista, foi conduzida uma avalia\u00e7\u00e3o longitudinal com 180 trabalhadores, dos quais 48% ainda apresentavam fadiga, 38% tinham sinais de ansiedade e 52% relataram problemas de mem\u00f3ria.<\/p>\n<p>Os resultados foram apresentados no Congresso da Academia Americana de Neurologia, em Boston, nos Estados Unidos, de 22 a 27 de abril, e publicados no suplemento da revista Neurology, de abril.<\/p>\n<p>Clarissa Yasuda, professora de neurologia cl\u00ednica, explica que os trabalhadores foram avaliados depois de 200 dias, em m\u00e9dia, ap\u00f3s o diagn\u00f3stico de covid-19. \u201cTem sido cada vez mais importante avaliar os impactos dos chamados casos leves de covid-19 sobre a sa\u00fade e a capacidade de trabalhar, visto que esses casos representam a imensa maioria. No nosso estudo, 83% dos casos tinham tratamento domiciliar, sem hospitaliza\u00e7\u00f5es, e os achados s\u00e3o bastante significativos\u201d.<\/p>\n<p>A professora da \u00e1rea de sa\u00fade do trabalhador do DSC, Marcia Bandini, alerta para a necessidade de ado\u00e7\u00f5es de pr\u00e1ticas terap\u00eauticas multiprofissionais e pol\u00edticas de prote\u00e7\u00e3o para aqueles que tiveram afetada sua capacidade para o trabalho. \u201cO estudo trouxe informa\u00e7\u00f5es relevantes para que sindicatos e empresas discutam e implementem a\u00e7\u00f5es de reconhecimento de casos de covid longa para adotar pr\u00e1ticas terap\u00eauticas multiprofissionais de reabilita\u00e7\u00e3o, tanto no sistema p\u00fablico quando na sa\u00fade suplementar\u201d. Marcia ressalta tamb\u00e9m a import\u00e2ncia de que diferentes categorias profissionais sejam estudadas.<\/p>\n<p>O estudo teve apoio da Confedera\u00e7\u00e3o Nacional dos Trabalhadores do Ramo Financeiro (Contraf-CUT). Mauro Salles, secret\u00e1rio de Sa\u00fade da entidade, destaca que \u201cos resultados da pesquisa comprovaram nossa constata\u00e7\u00e3o no contato com os banc\u00e1rios, e o estudo tem nos ajudado na conscientiza\u00e7\u00e3o e tratamento dos colegas afetados\u201d. Segundo ele, os resultados foram apresentados em reuni\u00f5es de negocia\u00e7\u00f5es com os bancos. \u201cSomos gratos pelo trabalho e pela parceria com a Unicamp\u201d, complementa Salles.<\/p>\n<p>Para o secret\u00e1rio da Contraf-CUT, a rela\u00e7\u00e3o entre a representa\u00e7\u00e3o dos trabalhadores e o meio acad\u00eamico mostrou-se muito importante na hist\u00f3ria da luta pela sa\u00fade dos trabalhadores.\u00a0 \u201cEsse trabalho refor\u00e7a esta import\u00e2ncia. Saliento que procuramos apoio da universidade quando constatamos no dia a dia que muitos colegas apresentavam sintomas persistentes, que dificultavam o ato de trabalhar, depois de ter covid, na maioria das vezes n\u00e3o relacionando os fatores. Procuramos a Unicamp que estava desenvolvendo trabalho sobre esta situa\u00e7\u00e3o e tivemos uma maravilhosa acolhida. Os resultados comprovam nossas suspeitas e tem nos ajudado na conscientiza\u00e7\u00e3o e tratamento dos colegas afetados. Tamb\u00e9m est\u00e1 sendo de grande valia nas negocia\u00e7\u00f5es com os bancos. Agradecemos pelo trabalho apresentado e pela parceria.\u201d<\/p>\n<p>A pesquisa demonstrou que os sintomas neuropsiqui\u00e1tricos da covid longa afetam negativamente a capacidade de trabalho, meses ap\u00f3s a infec\u00e7\u00e3o. Esses achados apontam para a urg\u00eancia de tratamentos espec\u00edficos e multidisciplinares para os pacientes, a fim de minimizar a sobrecarga individual e a perda econ\u00f4mica global.<\/p>\n<p><strong>Fonte: Contraf-CUT<\/strong><\/p>\n","protected":false},"excerpt":{"rendered":"<p>Dos banc\u00e1rios que sentiram os efeitos da covid-19 por mais de quatro dias, 62,5% apresentaram redu\u00e7\u00e3o do \u00cdndice de Capacidade para o Trabalho (ICT). Os sintomas mais frequentemente associados com essa diminui\u00e7\u00e3o foram fadiga (93,2%), depress\u00e3o (68,2%) e ansiedade (76,8%). Os dados s\u00e3o da primeira consulta feita em um estudo com 607 banc\u00e1rios feito pelo [&hellip;]<\/p>\n","protected":false},"author":2,"featured_media":14065,"comment_status":"","ping_status":"","sticky":false,"template":"","format":"standard","meta":{"footnotes":""},"categories":[3],"tags":[],"class_list":["post-14066","post","type-post","status-publish","format-standard","has-post-thumbnail","hentry","category-noticias"],"_links":{"self":[{"href":"https:\/\/hostnetart.com.br\/baixada\/wp-json\/wp\/v2\/posts\/14066","targetHints":{"allow":["GET"]}}],"collection":[{"href":"https:\/\/hostnetart.com.br\/baixada\/wp-json\/wp\/v2\/posts"}],"about":[{"href":"https:\/\/hostnetart.com.br\/baixada\/wp-json\/wp\/v2\/types\/post"}],"author":[{"embeddable":true,"href":"https:\/\/hostnetart.com.br\/baixada\/wp-json\/wp\/v2\/users\/2"}],"replies":[{"embeddable":true,"href":"https:\/\/hostnetart.com.br\/baixada\/wp-json\/wp\/v2\/comments?post=14066"}],"version-history":[{"count":0,"href":"https:\/\/hostnetart.com.br\/baixada\/wp-json\/wp\/v2\/posts\/14066\/revisions"}],"wp:featuredmedia":[{"embeddable":true,"href":"https:\/\/hostnetart.com.br\/baixada\/wp-json\/wp\/v2\/media\/14065"}],"wp:attachment":[{"href":"https:\/\/hostnetart.com.br\/baixada\/wp-json\/wp\/v2\/media?parent=14066"}],"wp:term":[{"taxonomy":"category","embeddable":true,"href":"https:\/\/hostnetart.com.br\/baixada\/wp-json\/wp\/v2\/categories?post=14066"},{"taxonomy":"post_tag","embeddable":true,"href":"https:\/\/hostnetart.com.br\/baixada\/wp-json\/wp\/v2\/tags?post=14066"}],"curies":[{"name":"wp","href":"https:\/\/api.w.org\/{rel}","templated":true}]}}