{"id":14062,"date":"2023-05-11T12:29:18","date_gmt":"2023-05-11T15:29:18","guid":{"rendered":"https:\/\/hostnetart.com.br\/baixada\/sindicato-dos-bancarios-da-baixada-fluminense-participa-de-reuniao-com-representantes-do-bradesco\/"},"modified":"2023-05-11T12:29:18","modified_gmt":"2023-05-11T15:29:18","slug":"sindicato-dos-bancarios-da-baixada-fluminense-participa-de-reuniao-com-representantes-do-bradesco","status":"publish","type":"post","link":"https:\/\/hostnetart.com.br\/baixada\/sindicato-dos-bancarios-da-baixada-fluminense-participa-de-reuniao-com-representantes-do-bradesco\/","title":{"rendered":"Sindicato dos Banc\u00e1rios da Baixada Fluminense participa de reuni\u00e3o com representantes do Bradesco"},"content":{"rendered":"<p>Nesta \u00faltima quarta-feira, 10 de maio, o Sindicato dos Banc\u00e1rios da Baixada Fluminense participou de uma reuni\u00e3o entre a Federa\u00e7\u00e3o dos Trabalhadores do Ramo Financeiro dos Estados do Rio de Janeiro e Esp\u00edrito Santo (Fetraf-RJ\/ES) e representantes do Banco Bradesco, para debater sobre demiss\u00f5es, fechamento de ag\u00eancias, retirada de portas girat\u00f3rias, extin\u00e7\u00e3o do cargo de vigilante e sobre o conv\u00eanio Sa\u00fade Bradesco.<\/p>\n<p>A reuni\u00e3o ocorreu no audit\u00f3rio da Federa\u00e7\u00e3o com a presen\u00e7a de todos os Sindicatos dos banc\u00e1rios filiados \u00e0 Fetraf RJ\/ES estiveram presentes:\u00a0Angra dos Reis e Regi\u00e3o, Baixada Fluminense, Esp\u00edrito Santo, Itaperuna e Regi\u00e3o, Maca\u00e9 e Regi\u00e3o, Nova Friburgo e Regi\u00e3o e Tr\u00eas Rios e Regi\u00e3o.<\/p>\n<p>Pelo Bradesco, estiveram presentes Silvia Eduara Cavalheiro, Gerente Departamental de Recursos Humanos, e Marcos Bartelt, Analista de Rela\u00e7\u00f5es Sindicais.<\/p>\n<p>Nilton Dami\u00e3o Esperan\u00e7a, Presidente da Fetraf RJ\/ES, comentou sobre a import\u00e2ncia da reuni\u00e3o: \u201cFoi important\u00edssima a reuni\u00e3o e a presen\u00e7a de todos os Sindicatos filiados. Cobramos posicionamentos sobre o atendimento presencial, j\u00e1 que as ag\u00eancias n\u00e3o possuem caixas para deficientes e aposentados, proibindo a entrada de clientes, colocando metas de autentica\u00e7\u00e3o e burlando a lei de tempo e espera nas filas, j\u00e1 que o acesso aos caixas eletr\u00f4nicos n\u00e3o possuem senhas\u201d. Tamb\u00e9m destacou que \u201ca Federa\u00e7\u00e3o est\u00e1, e continuar\u00e1, fazendo um trabalho em conjunto com outras entidades da sociedade civil, atuando para que se melhore o atendimento aos clientes e usu\u00e1rios dos bancos.\u201d, declarou.<\/p>\n<p>Confira abaixo as respostas do banco.<\/p>\n<p>DEMISS\u00d5ES<\/p>\n<p>Esta foi pauta que mais gerou debate e questionamentos.<\/p>\n<p>Os dirigentes sindicais falaram sobre suas regi\u00f5es e como as demiss\u00f5es vem atingindo suas bases. E, tamb\u00e9m, como est\u00e3o sendo feitos esses desligamentos, j\u00e1 que muitas demiss\u00f5es est\u00e3o ocorrendo de forma totalmente desumana.<\/p>\n<p>O banco informou que essa pr\u00e1tica citada em exemplos dados na reuni\u00e3o, n\u00e3o \u00e9 uma orienta\u00e7\u00e3o. Que \u00e9 importante que os Sindicatos levem para eles as reclama\u00e7\u00f5es, pois \u00e9 fundamental para que se corrigir erros. Se mostraram preocupados e interessados em ajudar.<\/p>\n<p>Sobre o banco postal, sobre correspondentes banc\u00e1rios, disseram que eles tem sua fun\u00e7\u00e3o definida e que n\u00e3o est\u00e3o sendo transferidos funcion\u00e1rios para estes locais.<\/p>\n<p>Falaram tamb\u00e9m que \u00e9 necess\u00e1rio compreender o impacto da tecnologia dentro do setor banc\u00e1rios. E citou que, em diversos meios, a fun\u00e7\u00e3o de caixa, por exemplo, est\u00e1 sendo extinta. Que vem incentivando as funcion\u00e1rias e funcion\u00e1rios a fazerem cursos como o CPA10, mas que n\u00e3o \u00e9 exig\u00eancia.<\/p>\n<p>FECHAMENTO DE AG\u00caNCIAS<\/p>\n<p>Os representantes dos bancos disseram que nenhuma ag\u00eancia \u00e9 fechada sem que algum estudo tenha sido feito, como uma an\u00e1lise de mercado. Assim como n\u00e3o tem como preverem onde uma ou outra ag\u00eancia ser\u00e1 fechada.<\/p>\n<p>Ressaltaram a import\u00e2ncia dos sindicatos em apontarem onde, na pr\u00e1tica, o fechamento de ag\u00eancias ser\u00e1 ruim, tanto para a popula\u00e7\u00e3o e clientes, quanto para os funcion\u00e1rios.<\/p>\n<p>PORTAS GIRAT\u00d3RIAS E\u00a0VIGILANTES<\/p>\n<p>O banco informou que nas chamadas \u201cag\u00eancias de neg\u00f3cios\u201d, n\u00e3o \u00e9 mais exigida a presen\u00e7a de vigilante e de postas girat\u00f3rias. Mas que, no restante das ag\u00eancias, continua obrigat\u00f3rio.<\/p>\n<p>Foi criado um Grupo de Trabalho (GT) para tratar, especificamente deste assunto, visto que a legisla\u00e7\u00e3o se difere de munic\u00edpio para munic\u00edpio.<\/p>\n<p>SA\u00daDE BRADESCO<\/p>\n<p>O plano de sa\u00fade \u00e9 uma pauta que vem sendo bastante debatido pela Comiss\u00e3o de Organiza\u00e7\u00e3o dos Empregados (COE) do Bradesco,\u00a0 nas \u00faltimas reuni\u00f5es.<\/p>\n<p>O banco alega que tamb\u00e9m \u00e9 interessante para eles que a seguradora seja eficiente, j\u00e1 que tamb\u00e9m \u00e9, de certa forma, \u201ccliente\u201d deles.<\/p>\n<p>Foi combinado que as federa\u00e7\u00f5es dos banc\u00e1rios concentrar\u00e3o e compilar\u00e3o as demandas dos sindicatos filiados. Posteriormente, passar\u00e3o para o departamento de rela\u00e7\u00f5es sindicais um relat\u00f3rio apontando, separadamente, os problemas nos planos dental e de sa\u00fade. No final, ser\u00e1 marcada uma reuni\u00e3o, diretamente, com a seguradora presente.<\/p>\n<p>ATENDIMENTO NO CAIXA<\/p>\n<p>Foi levantada esta pauta a partir dos debates anteriores. A campanha da Fetraf RJ\/ES, sobre o atendimento presencial, foi citada, tamb\u00e9m. O banco disse que cumprir\u00e1 a lei e que ningu\u00e9m ir\u00e1 impedir o cliente de usar o caixa. Que aceitar\u00e3o as den\u00fancias, caso haja, para atuarem.<\/p>\n<p><strong>Fonte: Fetraf RJ\/ES<\/strong><\/p>\n","protected":false},"excerpt":{"rendered":"<p>Nesta \u00faltima quarta-feira, 10 de maio, o Sindicato dos Banc\u00e1rios da Baixada Fluminense participou de uma reuni\u00e3o entre a Federa\u00e7\u00e3o dos Trabalhadores do Ramo Financeiro dos Estados do Rio de Janeiro e Esp\u00edrito Santo (Fetraf-RJ\/ES) e representantes do Banco Bradesco, para debater sobre demiss\u00f5es, fechamento de ag\u00eancias, retirada de portas girat\u00f3rias, extin\u00e7\u00e3o do cargo de [&hellip;]<\/p>\n","protected":false},"author":2,"featured_media":14061,"comment_status":"","ping_status":"","sticky":false,"template":"","format":"standard","meta":{"footnotes":""},"categories":[3],"tags":[],"class_list":["post-14062","post","type-post","status-publish","format-standard","has-post-thumbnail","hentry","category-noticias"],"_links":{"self":[{"href":"https:\/\/hostnetart.com.br\/baixada\/wp-json\/wp\/v2\/posts\/14062","targetHints":{"allow":["GET"]}}],"collection":[{"href":"https:\/\/hostnetart.com.br\/baixada\/wp-json\/wp\/v2\/posts"}],"about":[{"href":"https:\/\/hostnetart.com.br\/baixada\/wp-json\/wp\/v2\/types\/post"}],"author":[{"embeddable":true,"href":"https:\/\/hostnetart.com.br\/baixada\/wp-json\/wp\/v2\/users\/2"}],"replies":[{"embeddable":true,"href":"https:\/\/hostnetart.com.br\/baixada\/wp-json\/wp\/v2\/comments?post=14062"}],"version-history":[{"count":0,"href":"https:\/\/hostnetart.com.br\/baixada\/wp-json\/wp\/v2\/posts\/14062\/revisions"}],"wp:featuredmedia":[{"embeddable":true,"href":"https:\/\/hostnetart.com.br\/baixada\/wp-json\/wp\/v2\/media\/14061"}],"wp:attachment":[{"href":"https:\/\/hostnetart.com.br\/baixada\/wp-json\/wp\/v2\/media?parent=14062"}],"wp:term":[{"taxonomy":"category","embeddable":true,"href":"https:\/\/hostnetart.com.br\/baixada\/wp-json\/wp\/v2\/categories?post=14062"},{"taxonomy":"post_tag","embeddable":true,"href":"https:\/\/hostnetart.com.br\/baixada\/wp-json\/wp\/v2\/tags?post=14062"}],"curies":[{"name":"wp","href":"https:\/\/api.w.org\/{rel}","templated":true}]}}