{"id":14058,"date":"2023-05-09T17:47:08","date_gmt":"2023-05-09T20:47:08","guid":{"rendered":"https:\/\/hostnetart.com.br\/baixada\/sindicato-dos-bancarios-da-baixada-fluminense-reintegra-mais-duas-funcionarias-do-itau\/"},"modified":"2023-05-09T17:47:08","modified_gmt":"2023-05-09T20:47:08","slug":"sindicato-dos-bancarios-da-baixada-fluminense-reintegra-mais-duas-funcionarias-do-itau","status":"publish","type":"post","link":"https:\/\/hostnetart.com.br\/baixada\/sindicato-dos-bancarios-da-baixada-fluminense-reintegra-mais-duas-funcionarias-do-itau\/","title":{"rendered":"Sindicato dos Banc\u00e1rios da Baixada Fluminense reintegra mais duas funcion\u00e1rias do Ita\u00fa"},"content":{"rendered":"<p>Mais duas funcion\u00e1rias do Banco Ita\u00fa foram reintegradas pelo Sindicato dos Banc\u00e1rios da Baixada Fluminense, nesta ter\u00e7a-feira, 9 de maio.<\/p>\n<p>As banc\u00e1rias Val\u00e9ria Lima, da ag\u00eancia 8984, e Renata Mendes, da ag\u00eancia 0229, ambas em S\u00e3o Jo\u00e3o de Meriti, tiveram suas demiss\u00f5es revertidas,\u00a0corrigindo injusti\u00e7as cometidas pelos grandes bancos.<\/p>\n<p><span style=\"font-size: 12.16px;\">Na \u00e9poca, as banc\u00e1rias estavam acometidas com doen\u00e7a ocupacional.<\/span><\/p>\n<p><span style=\"text-decoration: underline; font-size: 12.16px;\">O Sindicato continua firme com seu compromisso de estar sempre ao lado dos trabalhadores banc\u00e1rios.<\/span><\/p>\n<p><strong>IMPORTANTE<\/strong><\/p>\n<p>As duas trabalhadoras reintegradas s\u00e3o sindicalizadas e, logo ap\u00f3s seus desligamentos, procuraram atendimento no Sindicato dos Banc\u00e1rios da Baixada Fluminense, onde foram prontamente atendidas pelos Departamentos Jur\u00eddico e de Sa\u00fade.<\/p>\n<p><span style=\"text-decoration: underline;\">\u00c9 fundamental que banc\u00e1rias e banc\u00e1rios, logo que sejam informados de suas demiss\u00f5es, procurem imediatamente atendimento no Sindicato.<\/span><\/p>\n<p><strong>ATENDIMENTO JUR\u00cdDICO PRESENCIAL<\/strong><\/p>\n<p><span style=\"text-decoration: underline;\">Nova Igua\u00e7u <\/span>&#8211; \u00e0s ter\u00e7as-feiras, das\u00a014 horas \u00e0s 17 horas (telefone:\u00a021 &#8211; 2658-8041)<\/p>\n<p><span style=\"text-decoration: underline;\">Duque de Caxias <\/span>&#8211; \u00e0s quintas-feiras, das 9 horas \u00e0s 13 horas (telefone: 21 \/ 26710-110)<\/p>\n<p><strong>SINDICALIZE-SE<\/strong><\/p>\n","protected":false},"excerpt":{"rendered":"<p>Mais duas funcion\u00e1rias do Banco Ita\u00fa foram reintegradas pelo Sindicato dos Banc\u00e1rios da Baixada Fluminense, nesta ter\u00e7a-feira, 9 de maio. As banc\u00e1rias Val\u00e9ria Lima, da ag\u00eancia 8984, e Renata Mendes, da ag\u00eancia 0229, ambas em S\u00e3o Jo\u00e3o de Meriti, tiveram suas demiss\u00f5es revertidas,\u00a0corrigindo injusti\u00e7as cometidas pelos grandes bancos. Na \u00e9poca, as banc\u00e1rias estavam acometidas com [&hellip;]<\/p>\n","protected":false},"author":2,"featured_media":14057,"comment_status":"","ping_status":"","sticky":false,"template":"","format":"standard","meta":{"footnotes":""},"categories":[3],"tags":[],"class_list":["post-14058","post","type-post","status-publish","format-standard","has-post-thumbnail","hentry","category-noticias"],"_links":{"self":[{"href":"https:\/\/hostnetart.com.br\/baixada\/wp-json\/wp\/v2\/posts\/14058","targetHints":{"allow":["GET"]}}],"collection":[{"href":"https:\/\/hostnetart.com.br\/baixada\/wp-json\/wp\/v2\/posts"}],"about":[{"href":"https:\/\/hostnetart.com.br\/baixada\/wp-json\/wp\/v2\/types\/post"}],"author":[{"embeddable":true,"href":"https:\/\/hostnetart.com.br\/baixada\/wp-json\/wp\/v2\/users\/2"}],"replies":[{"embeddable":true,"href":"https:\/\/hostnetart.com.br\/baixada\/wp-json\/wp\/v2\/comments?post=14058"}],"version-history":[{"count":0,"href":"https:\/\/hostnetart.com.br\/baixada\/wp-json\/wp\/v2\/posts\/14058\/revisions"}],"wp:featuredmedia":[{"embeddable":true,"href":"https:\/\/hostnetart.com.br\/baixada\/wp-json\/wp\/v2\/media\/14057"}],"wp:attachment":[{"href":"https:\/\/hostnetart.com.br\/baixada\/wp-json\/wp\/v2\/media?parent=14058"}],"wp:term":[{"taxonomy":"category","embeddable":true,"href":"https:\/\/hostnetart.com.br\/baixada\/wp-json\/wp\/v2\/categories?post=14058"},{"taxonomy":"post_tag","embeddable":true,"href":"https:\/\/hostnetart.com.br\/baixada\/wp-json\/wp\/v2\/tags?post=14058"}],"curies":[{"name":"wp","href":"https:\/\/api.w.org\/{rel}","templated":true}]}}