{"id":14056,"date":"2023-05-09T13:36:54","date_gmt":"2023-05-09T16:36:54","guid":{"rendered":"https:\/\/hostnetart.com.br\/baixada\/sindicato-dos-bancarios-da-baixada-fluminense-visita-agencias-para-falar-sobre-assedio-moral\/"},"modified":"2023-05-09T13:36:54","modified_gmt":"2023-05-09T16:36:54","slug":"sindicato-dos-bancarios-da-baixada-fluminense-visita-agencias-para-falar-sobre-assedio-moral","status":"publish","type":"post","link":"https:\/\/hostnetart.com.br\/baixada\/sindicato-dos-bancarios-da-baixada-fluminense-visita-agencias-para-falar-sobre-assedio-moral\/","title":{"rendered":"Sindicato dos Banc\u00e1rios da Baixada Fluminense visita ag\u00eancias para falar sobre ass\u00e9dio moral"},"content":{"rendered":"<p>O Sindicato dos Banc\u00e1rios da Baixada Fluminense visitou ag\u00eancias de Nil\u00f3polis para falar do lan\u00e7amento da cartilha sobre ass\u00e9dio moral, produzida pela Federa\u00e7\u00e3o dos Trabalhadores do Ramo Financeiro dos Estados do Rio de Janeiro e Esp\u00edrito Santo (Fetraf RJ\/ES), da qual o Sindicato \u00e9 filiado.<\/p>\n<p>A cartilha encontra-se dispon\u00edvel na vers\u00e3o impressa e, tamb\u00e9m de maneira virtual.<\/p>\n<p><span style=\"font-size: 12.16px;\"><strong>Para acessar virtualmente a cartilha, acesse o link<\/strong>:\u00a0<a href=\"https:\/\/fetrafrjes.org.br\/wp-content\/uploads\/2023\/05\/cartilha-assedio-moral.pdf\">https:\/\/fetrafrjes.org.br\/wp-content\/uploads\/2023\/05\/cartilha-assedio-moral.pdf<\/a><\/span><\/p>\n<p><span style=\"text-decoration: underline; font-size: 12.16px;\">ENTENDA<\/span><\/p>\n<p>Tendo em vista os milhares de trabalhadores adoecidos, que recorrem aos sindicatos em busca de ajuda sobre direitos trabalhistas e repara\u00e7\u00e3o causado pelo adoecimento f\u00edsico e mental, a Fetraf RJ\/ES vem contribuir com uma s\u00e9rie de a\u00e7\u00f5es, cujo objetivo \u00e9 capacitar continuamente os trabalhadores do ramo financeiro, a se protegerem, reconhecerem e denunciarem quando estiverem sendo assediados moralmente.<\/p>\n<p>Inclusive, nos \u00faltimos anos, o Comando Nacional dos Banc\u00e1rios vem debatendo sobre esse tema nas mesas de negocia\u00e7\u00e3o.<\/p>\n<p>Pe\u00e7a j\u00e1 a sua! Procure o Sindicato!<\/p>\n<p>\u00a0<\/p>\n","protected":false},"excerpt":{"rendered":"<p>O Sindicato dos Banc\u00e1rios da Baixada Fluminense visitou ag\u00eancias de Nil\u00f3polis para falar do lan\u00e7amento da cartilha sobre ass\u00e9dio moral, produzida pela Federa\u00e7\u00e3o dos Trabalhadores do Ramo Financeiro dos Estados do Rio de Janeiro e Esp\u00edrito Santo (Fetraf RJ\/ES), da qual o Sindicato \u00e9 filiado. A cartilha encontra-se dispon\u00edvel na vers\u00e3o impressa e, tamb\u00e9m de [&hellip;]<\/p>\n","protected":false},"author":2,"featured_media":14055,"comment_status":"","ping_status":"","sticky":false,"template":"","format":"standard","meta":{"footnotes":""},"categories":[3],"tags":[],"class_list":["post-14056","post","type-post","status-publish","format-standard","has-post-thumbnail","hentry","category-noticias"],"_links":{"self":[{"href":"https:\/\/hostnetart.com.br\/baixada\/wp-json\/wp\/v2\/posts\/14056","targetHints":{"allow":["GET"]}}],"collection":[{"href":"https:\/\/hostnetart.com.br\/baixada\/wp-json\/wp\/v2\/posts"}],"about":[{"href":"https:\/\/hostnetart.com.br\/baixada\/wp-json\/wp\/v2\/types\/post"}],"author":[{"embeddable":true,"href":"https:\/\/hostnetart.com.br\/baixada\/wp-json\/wp\/v2\/users\/2"}],"replies":[{"embeddable":true,"href":"https:\/\/hostnetart.com.br\/baixada\/wp-json\/wp\/v2\/comments?post=14056"}],"version-history":[{"count":0,"href":"https:\/\/hostnetart.com.br\/baixada\/wp-json\/wp\/v2\/posts\/14056\/revisions"}],"wp:featuredmedia":[{"embeddable":true,"href":"https:\/\/hostnetart.com.br\/baixada\/wp-json\/wp\/v2\/media\/14055"}],"wp:attachment":[{"href":"https:\/\/hostnetart.com.br\/baixada\/wp-json\/wp\/v2\/media?parent=14056"}],"wp:term":[{"taxonomy":"category","embeddable":true,"href":"https:\/\/hostnetart.com.br\/baixada\/wp-json\/wp\/v2\/categories?post=14056"},{"taxonomy":"post_tag","embeddable":true,"href":"https:\/\/hostnetart.com.br\/baixada\/wp-json\/wp\/v2\/tags?post=14056"}],"curies":[{"name":"wp","href":"https:\/\/api.w.org\/{rel}","templated":true}]}}