{"id":14054,"date":"2023-05-09T13:28:24","date_gmt":"2023-05-09T16:28:24","guid":{"rendered":"https:\/\/hostnetart.com.br\/baixada\/bancario-volta-ao-trabalho-apos-59-anos\/"},"modified":"2023-05-09T13:28:24","modified_gmt":"2023-05-09T16:28:24","slug":"bancario-volta-ao-trabalho-apos-59-anos","status":"publish","type":"post","link":"https:\/\/hostnetart.com.br\/baixada\/bancario-volta-ao-trabalho-apos-59-anos\/","title":{"rendered":"Banc\u00e1rio volta ao trabalho ap\u00f3s 59 anos"},"content":{"rendered":"<p>O banc\u00e1rio Osmar Ferreira vai retomar suas atividades depois de 59 anos. Em 1964, aos 21 anos, ele foi preso acusado de subvers\u00e3o e demitido sumariamente do Banco da Bahia \u2013 incorporado ao Bradesco em 1973 -, onde trabalhava na ag\u00eancia de Feira de Santana. Antes de se tornar banc\u00e1rio, ainda como estudante, Osmar Ferreira participou de movimentos estudantis.<\/p>\n<p>No entanto, o ent\u00e3o banc\u00e1rio possu\u00eda estabilidade sindical, pois, em 1963, foi eleito suplente do presidente do Sindicato dos Empregados em Estabelecimentos Banc\u00e1rios de Feira de Santana, e n\u00e3o poderia ter sido demitido. \u201cOs bancos fecharam por algum tempo ap\u00f3s o golpe militar. Quando voltei a trabalhar, no come\u00e7o de abril, um sargento do Ex\u00e9rcito foi \u00e0 ag\u00eancia onde eu trabalhava. Fui chamado na sala da ger\u00eancia e l\u00e1 fui preso. Fiquei 12 dias detido e sofri muitas torturas f\u00edsicas, mas principalmente psicol\u00f3gicas\u201d, contou.<\/p>\n<p>S\u00f3 em 1983, ap\u00f3s a queda da ditadura militar e o in\u00edcio da redemocratiza\u00e7\u00e3o do Brasil, ele p\u00f4de entrar na Justi\u00e7a com o pedido de anistia pol\u00edtica. Por\u00e9m, somente em 2011 a anistia aconteceu, o que possibilitou, por meio do sindicato, entrar com uma a\u00e7\u00e3o trabalhista exigindo uma repara\u00e7\u00e3o pela demiss\u00e3o.<\/p>\n<p>No final de abril, a espera acabou com o in\u00edcio do processo de readmiss\u00e3o por parte do Bradesco. \u201cOsmar vai voltar exercer as suas atividades. Essa readmiss\u00e3o \u00e9 de um simbolismo gigantesco. \u00c9 uma vit\u00f3ria para o nosso sindicato e uma grande hist\u00f3ria de luta. Um sindicalista que foi torturado pelo regime militar e passou estes anos em busca da sua reintegra\u00e7\u00e3o. \u00c9 um sinal claro de que a democracia e a paz vencem sempre, e que n\u00e3o toleraremos mais nenhuma esp\u00e9cie de golpe. N\u00f3s do Sindicato tamb\u00e9m estamos trabalhando cada vez mais na garantia dos direitos da categoria, estamos fortes na luta\u201d, disse o presidente do sindicato, Eritan Machado.<\/p>\n<p>Ap\u00f3s a reintegra\u00e7\u00e3o, Osmar parabenizou o Sindicato pelo apoio. \u201cAgrade\u00e7o a voc\u00eas que lutaram junto comigo, muito obrigado a todos!\u2019\u2019.<\/p>\n<p>Aos 80 anos, Osmar Ferreira volta \u00e0s suas atividades depois da aprova\u00e7\u00e3o nos exames m\u00e9dicos. \u201c\u00c9 uma vit\u00f3ria da democracia, \u00e9 uma repara\u00e7\u00e3o hist\u00f3rica, que mostra a for\u00e7a da justi\u00e7a e do movimento sindical\u201d, afirma Magaly Fagundes, coordenadora da Comiss\u00e3o de Organiza\u00e7\u00e3o dos Empregados (COE) do Bradesco.<\/p>\n<p>A reintegra\u00e7\u00e3o de trabalhadores \u00e9 uma das muitas fun\u00e7\u00f5es do movimento sindical. Segundo o Cadastro Geral de Empregados e Desempregados (Caged), em 2022, 1.260 banc\u00e1rios foram reintegrados.<\/p>\n<p><strong>Fonte: Contraf-CUT com informa\u00e7\u00f5es do Seeb Feira de Santana<\/strong><\/p>\n","protected":false},"excerpt":{"rendered":"<p>O banc\u00e1rio Osmar Ferreira vai retomar suas atividades depois de 59 anos. Em 1964, aos 21 anos, ele foi preso acusado de subvers\u00e3o e demitido sumariamente do Banco da Bahia \u2013 incorporado ao Bradesco em 1973 -, onde trabalhava na ag\u00eancia de Feira de Santana. Antes de se tornar banc\u00e1rio, ainda como estudante, Osmar Ferreira [&hellip;]<\/p>\n","protected":false},"author":2,"featured_media":14053,"comment_status":"","ping_status":"","sticky":false,"template":"","format":"standard","meta":{"footnotes":""},"categories":[3],"tags":[],"class_list":["post-14054","post","type-post","status-publish","format-standard","has-post-thumbnail","hentry","category-noticias"],"_links":{"self":[{"href":"https:\/\/hostnetart.com.br\/baixada\/wp-json\/wp\/v2\/posts\/14054","targetHints":{"allow":["GET"]}}],"collection":[{"href":"https:\/\/hostnetart.com.br\/baixada\/wp-json\/wp\/v2\/posts"}],"about":[{"href":"https:\/\/hostnetart.com.br\/baixada\/wp-json\/wp\/v2\/types\/post"}],"author":[{"embeddable":true,"href":"https:\/\/hostnetart.com.br\/baixada\/wp-json\/wp\/v2\/users\/2"}],"replies":[{"embeddable":true,"href":"https:\/\/hostnetart.com.br\/baixada\/wp-json\/wp\/v2\/comments?post=14054"}],"version-history":[{"count":0,"href":"https:\/\/hostnetart.com.br\/baixada\/wp-json\/wp\/v2\/posts\/14054\/revisions"}],"wp:featuredmedia":[{"embeddable":true,"href":"https:\/\/hostnetart.com.br\/baixada\/wp-json\/wp\/v2\/media\/14053"}],"wp:attachment":[{"href":"https:\/\/hostnetart.com.br\/baixada\/wp-json\/wp\/v2\/media?parent=14054"}],"wp:term":[{"taxonomy":"category","embeddable":true,"href":"https:\/\/hostnetart.com.br\/baixada\/wp-json\/wp\/v2\/categories?post=14054"},{"taxonomy":"post_tag","embeddable":true,"href":"https:\/\/hostnetart.com.br\/baixada\/wp-json\/wp\/v2\/tags?post=14054"}],"curies":[{"name":"wp","href":"https:\/\/api.w.org\/{rel}","templated":true}]}}