{"id":14044,"date":"2023-05-05T13:26:44","date_gmt":"2023-05-05T16:26:44","guid":{"rendered":"https:\/\/hostnetart.com.br\/baixada\/sindicatos-iniciam-entrega-de-cartilha-sobre-o-assedio-moral-da-fetraf-rj-es\/"},"modified":"2023-05-05T13:26:44","modified_gmt":"2023-05-05T16:26:44","slug":"sindicatos-iniciam-entrega-de-cartilha-sobre-o-assedio-moral-da-fetraf-rj-es","status":"publish","type":"post","link":"https:\/\/hostnetart.com.br\/baixada\/sindicatos-iniciam-entrega-de-cartilha-sobre-o-assedio-moral-da-fetraf-rj-es\/","title":{"rendered":"Sindicatos iniciam entrega de cartilha sobre o ass\u00e9dio moral da Fetraf RJ\/ES"},"content":{"rendered":"<p>O Sindicato dos Banc\u00e1rios da Baixada Fluminense e demais Sindicatos dos Banc\u00e1rios de base da Federa\u00e7\u00e3o dos Trabalhadores do Ramo Financeiro dos Estados do Rio de Janeiro e Esp\u00edrito Santo (Fetraf RJ\/ES), iniciaram a entrega das cartilhas sobre ass\u00e9dio moral, produzidas pela entidade.<\/p>\n<p>A cartilha j\u00e1 se encontra dispon\u00edvel em todos os sindicatos de base da Federa\u00e7\u00e3o.<\/p>\n<p><span style=\"text-decoration: underline;\">ENTENDA<\/span><\/p>\n<p>Tendo em vista os milhares de trabalhadores adoecidos, que recorrem aos sindicatos em busca de ajuda sobre direitos trabalhistas e repara\u00e7\u00e3o causado pelo adoecimento f\u00edsico e mental, a Fetraf RJ\/ES vem contribuir com uma s\u00e9rie de a\u00e7\u00f5es, cujo objetivo \u00e9 capacitar continuamente os trabalhadores do ramo financeiro, a se protegerem, reconhecerem e denunciarem quando estiverem sendo assediados moralmente.<\/p>\n<p>Inclusive, nos \u00faltimos anos, o Comando Nacional dos Banc\u00e1rios vem debatendo sobre esse tema nas mesas de negocia\u00e7\u00e3o.<\/p>\n<p>Pe\u00e7a j\u00e1 a sua! Procure seu Sindicato!<\/p>\n<p><strong>Para acessar virtualmente a cartilha, acesse o link<\/strong>:\u00a0<a href=\"https:\/\/fetrafrjes.org.br\/wp-content\/uploads\/2023\/05\/cartilha-assedio-moral.pdf\">https:\/\/fetrafrjes.org.br\/wp-content\/uploads\/2023\/05\/cartilha-assedio-moral.pdf<\/a><\/p>\n<p><em>*Veja mais fotos da entrega das cartilhas em nossas redes sociais<\/em><\/p>\n<p><strong>Fonte: Fetraf RJ\/ES<\/strong><\/p>\n","protected":false},"excerpt":{"rendered":"<p>O Sindicato dos Banc\u00e1rios da Baixada Fluminense e demais Sindicatos dos Banc\u00e1rios de base da Federa\u00e7\u00e3o dos Trabalhadores do Ramo Financeiro dos Estados do Rio de Janeiro e Esp\u00edrito Santo (Fetraf RJ\/ES), iniciaram a entrega das cartilhas sobre ass\u00e9dio moral, produzidas pela entidade. A cartilha j\u00e1 se encontra dispon\u00edvel em todos os sindicatos de base [&hellip;]<\/p>\n","protected":false},"author":2,"featured_media":14043,"comment_status":"","ping_status":"","sticky":false,"template":"","format":"standard","meta":{"footnotes":""},"categories":[3],"tags":[],"class_list":["post-14044","post","type-post","status-publish","format-standard","has-post-thumbnail","hentry","category-noticias"],"_links":{"self":[{"href":"https:\/\/hostnetart.com.br\/baixada\/wp-json\/wp\/v2\/posts\/14044","targetHints":{"allow":["GET"]}}],"collection":[{"href":"https:\/\/hostnetart.com.br\/baixada\/wp-json\/wp\/v2\/posts"}],"about":[{"href":"https:\/\/hostnetart.com.br\/baixada\/wp-json\/wp\/v2\/types\/post"}],"author":[{"embeddable":true,"href":"https:\/\/hostnetart.com.br\/baixada\/wp-json\/wp\/v2\/users\/2"}],"replies":[{"embeddable":true,"href":"https:\/\/hostnetart.com.br\/baixada\/wp-json\/wp\/v2\/comments?post=14044"}],"version-history":[{"count":0,"href":"https:\/\/hostnetart.com.br\/baixada\/wp-json\/wp\/v2\/posts\/14044\/revisions"}],"wp:featuredmedia":[{"embeddable":true,"href":"https:\/\/hostnetart.com.br\/baixada\/wp-json\/wp\/v2\/media\/14043"}],"wp:attachment":[{"href":"https:\/\/hostnetart.com.br\/baixada\/wp-json\/wp\/v2\/media?parent=14044"}],"wp:term":[{"taxonomy":"category","embeddable":true,"href":"https:\/\/hostnetart.com.br\/baixada\/wp-json\/wp\/v2\/categories?post=14044"},{"taxonomy":"post_tag","embeddable":true,"href":"https:\/\/hostnetart.com.br\/baixada\/wp-json\/wp\/v2\/tags?post=14044"}],"curies":[{"name":"wp","href":"https:\/\/api.w.org\/{rel}","templated":true}]}}