{"id":14034,"date":"2023-05-04T17:09:36","date_gmt":"2023-05-04T20:09:36","guid":{"rendered":"https:\/\/hostnetart.com.br\/baixada\/conferencia-nacional-dos-bancarios-sera-em-agosto\/"},"modified":"2023-05-04T17:09:36","modified_gmt":"2023-05-04T20:09:36","slug":"conferencia-nacional-dos-bancarios-sera-em-agosto","status":"publish","type":"post","link":"https:\/\/hostnetart.com.br\/baixada\/conferencia-nacional-dos-bancarios-sera-em-agosto\/","title":{"rendered":"Confer\u00eancia Nacional dos Banc\u00e1rios ser\u00e1 em agosto"},"content":{"rendered":"<p>O Comando Nacional dos Banc\u00e1rios definiu, em reuni\u00e3o realizada nesta quarta-feira (3), a data da Confer\u00eancia Nacional da categoria. A atividade ser\u00e1 presencial, em S\u00e3o Paulo, e a data indicativa \u00e9 de 4 a 6 de agosto. A confirma\u00e7\u00e3o vai depender apenas da disponibilidade de local para a realiza\u00e7\u00e3o e hospedagem dos participantes.<\/p>\n<p>As confer\u00eancias estaduais e\/ou regionais devem ser realizadas em junho e julho, no mesmo per\u00edodo em que haver\u00e1 a Consulta Nacional \u00e0 categoria sobre as prioridades para o movimento, como a reforma tribut\u00e1ria, o papel do sistema financeiro e do cr\u00e9dito para a gera\u00e7\u00e3o de emprego renda, al\u00e9m da democratiza\u00e7\u00e3o e uso dos meios de comunica\u00e7\u00e3o e de quest\u00f5es que envolvem o futuro da categoria.<\/p>\n<p>Tamb\u00e9m ficou definido que ser\u00e3o mantidas as mesas permanentes de negocia\u00e7\u00e3o com os bancos sobre Igualdade de Oportunidades, Sa\u00fade e Seguran\u00e7a Banc\u00e1ria. O Comando tamb\u00e9m deliberou que as comiss\u00f5es de trabalhadores espec\u00edficas de cada banco devem definir suas agendas de negocia\u00e7\u00f5es permanentes e definir seus calend\u00e1rios de luta.<\/p>\n<h3><strong>#JurosBaixosJ\u00e1<\/strong><\/h3>\n<p>Ap\u00f3s debater sobre a pol\u00edtica de juros do Banco Central, o Comando orientou pela continuidade da campanha #JurosBaixosJ\u00e1, pois, ao contr\u00e1rio do que o presidente do BC, Roberto Campos Neto, afirma, a manuten\u00e7\u00e3o da alta da Selic n\u00e3o cumpre a promessa de reduzir a infla\u00e7\u00e3o e atrapalha o desenvolvimento do pa\u00eds.<\/p>\n<p>\u201c\u00c9 um absurdo a manuten\u00e7\u00e3o da Selic em 13,75%! \u00c9 a maior taxa de juros reais do mundo! Ela deveria ter sido reduzida. O Banco Central est\u00e1 apostando contra o Brasil e o Congresso Nacional precisa tomar uma provid\u00eancia para tirar Campos Neto de seu comando\u201d, disse a presidenta da Confedera\u00e7\u00e3o Nacional dos Trabalhadores do Ramo Financeiro (Contraf-CUT) e coordenadora do Comando Nacional dos Banc\u00e1rios, Juvandia Moreira.<\/p>\n<p>Em mar\u00e7o de 2021, a taxa b\u00e1sica de juros (Selic) estava em 2%. A partir de abril come\u00e7ou a subir e atingiu a taxa atual de 13,75%, mantida pela sexta vez, nesta quarta-feira (3), no encerramento da reuni\u00e3o do Comit\u00ea de Pol\u00edtica Monet\u00e1ria (Copom) do Banco Central. No mesmo per\u00edodo, a infla\u00e7\u00e3o subiu de 6,10%, chegou a 12,13% em abril de 2022, e as estimativas s\u00e3o de que feche 2023 em 6,05%.<\/p>\n<p>\u201cAumentaram as taxas de juros em 10 pontos percentuais, e a infla\u00e7\u00e3o n\u00e3o caiu. Ao contr\u00e1rio, quase dobrou e somente recuou quando houve redu\u00e7\u00e3o dos pre\u00e7os dos combust\u00edveis. Ou seja, a alta dos juros n\u00e3o controla a atual infla\u00e7\u00e3o brasileira, pois ela n\u00e3o \u00e9 gerada por demanda, n\u00e3o h\u00e1 aumento do consumo\u201d, observou a presidenta do Sindicato dos Banc\u00e1rios de S\u00e3o Paulo, Osasco e Regi\u00e3o e coordenadora do Comando Nacional dos Banc\u00e1rios, Ivone Silva.<\/p>\n<h3><strong>Outros pontos<\/strong><\/h3>\n<p>Al\u00e9m da pol\u00edtica de juros do Banco Central, o Comando Nacional dos Banc\u00e1rios tamb\u00e9m definiu a luta:<\/p>\n<ul>\n<li>pela regulamenta\u00e7\u00e3o das redes sociais e democratiza\u00e7\u00e3o dos meios de comunica\u00e7\u00e3o;<\/li>\n<li>pela reforma sindical;<\/li>\n<li>pela regulariza\u00e7\u00e3o do trabalho realizado por trabalhadores de aplicativos, como entregadores, motoristas e outros;<\/li>\n<li>por uma reforma tribut\u00e1ria justa, com aumento da faixa de isen\u00e7\u00e3o de Imposto de Renda de Pessoa F\u00edsica, assim como da faixa de isen\u00e7\u00e3o da Participa\u00e7\u00e3o nos Lucros e Resultados (PLR).<\/li>\n<\/ul>\n<p><strong>Fonte: Contraf-CUT<\/strong><\/p>\n","protected":false},"excerpt":{"rendered":"<p>O Comando Nacional dos Banc\u00e1rios definiu, em reuni\u00e3o realizada nesta quarta-feira (3), a data da Confer\u00eancia Nacional da categoria. A atividade ser\u00e1 presencial, em S\u00e3o Paulo, e a data indicativa \u00e9 de 4 a 6 de agosto. A confirma\u00e7\u00e3o vai depender apenas da disponibilidade de local para a realiza\u00e7\u00e3o e hospedagem dos participantes. As confer\u00eancias [&hellip;]<\/p>\n","protected":false},"author":2,"featured_media":14033,"comment_status":"","ping_status":"","sticky":false,"template":"","format":"standard","meta":{"footnotes":""},"categories":[3],"tags":[],"class_list":["post-14034","post","type-post","status-publish","format-standard","has-post-thumbnail","hentry","category-noticias"],"_links":{"self":[{"href":"https:\/\/hostnetart.com.br\/baixada\/wp-json\/wp\/v2\/posts\/14034","targetHints":{"allow":["GET"]}}],"collection":[{"href":"https:\/\/hostnetart.com.br\/baixada\/wp-json\/wp\/v2\/posts"}],"about":[{"href":"https:\/\/hostnetart.com.br\/baixada\/wp-json\/wp\/v2\/types\/post"}],"author":[{"embeddable":true,"href":"https:\/\/hostnetart.com.br\/baixada\/wp-json\/wp\/v2\/users\/2"}],"replies":[{"embeddable":true,"href":"https:\/\/hostnetart.com.br\/baixada\/wp-json\/wp\/v2\/comments?post=14034"}],"version-history":[{"count":0,"href":"https:\/\/hostnetart.com.br\/baixada\/wp-json\/wp\/v2\/posts\/14034\/revisions"}],"wp:featuredmedia":[{"embeddable":true,"href":"https:\/\/hostnetart.com.br\/baixada\/wp-json\/wp\/v2\/media\/14033"}],"wp:attachment":[{"href":"https:\/\/hostnetart.com.br\/baixada\/wp-json\/wp\/v2\/media?parent=14034"}],"wp:term":[{"taxonomy":"category","embeddable":true,"href":"https:\/\/hostnetart.com.br\/baixada\/wp-json\/wp\/v2\/categories?post=14034"},{"taxonomy":"post_tag","embeddable":true,"href":"https:\/\/hostnetart.com.br\/baixada\/wp-json\/wp\/v2\/tags?post=14034"}],"curies":[{"name":"wp","href":"https:\/\/api.w.org\/{rel}","templated":true}]}}