{"id":14028,"date":"2023-05-02T18:03:29","date_gmt":"2023-05-02T21:03:29","guid":{"rendered":"https:\/\/hostnetart.com.br\/baixada\/reajuste-do-salario-minimo-beneficia-54-milhoes-de-pessoas-diz-dieese\/"},"modified":"2023-05-02T18:03:29","modified_gmt":"2023-05-02T21:03:29","slug":"reajuste-do-salario-minimo-beneficia-54-milhoes-de-pessoas-diz-dieese","status":"publish","type":"post","link":"https:\/\/hostnetart.com.br\/baixada\/reajuste-do-salario-minimo-beneficia-54-milhoes-de-pessoas-diz-dieese\/","title":{"rendered":"Reajuste do sal\u00e1rio m\u00ednimo beneficia 54 milh\u00f5es de pessoas, diz Dieese"},"content":{"rendered":"<p>\u00a0<\/p>\n<p>O an\u00fancio oficial do\u00a0<a href=\"https:\/\/www.cut.org.br\/noticias\/lula-anuncia-reajuste-valorizacao-do-salario-minimo-e-correcao-de-tabela-do-ir-61e7\" target=\"_blank\" rel=\"noopener noreferrer\">presidente Lula (PT)<\/a>\u00a0do reajuste do sal\u00e1rio m\u00ednimo de R$ 1.302 para R$ 1320 a partir deste m\u00eas de maio vai impactar positivamente na vida de 54 milh\u00f5es de pessoas.<\/p>\n<p>S\u00e3o 22,7 milh\u00f5es de pessoas de forma direta como os empregados do setor privado e p\u00fablico com carteira assinada (inclusive os trabalhadores dom\u00e9sticos); os servidores p\u00fablicos estatut\u00e1rios; e as pessoas que recebem aposentadoria, pens\u00e3o ou Benef\u00edcio de Presta\u00e7\u00e3o Continuada (BPC).<\/p>\n<p>Outras 31,3 milh\u00f5es de pessoas ser\u00e3o beneficiadas de forma indireta. S\u00e3o aquelas que vivem no mesmo domic\u00edlio de quem recebe o piso nacional, seja em forma de sal\u00e1rio, aposentadorias e benef\u00edcios, entre elas est\u00e3o os segmentos mais vulner\u00e1veis, como mulheres, pessoas negras, idosos e crian\u00e7as e adolescentes.<\/p>\n<p>Ao todo o reajuste do sal\u00e1rio m\u00ednimo vai impactar 54 milh\u00f5es de pessoas, que representam 25,4% da popula\u00e7\u00e3o do pa\u00eds em 2021. O Censo que teve in\u00edcio no ano passado ainda n\u00e3o foi finalizado para se saber o n\u00famero da popula\u00e7\u00e3o brasileira.<\/p>\n<p>O estudo sobre o sal\u00e1rio m\u00ednimo \u00e9 do Departamento Intersindical de Estat\u00edstica e Estudos Socioecon\u00f4micos (Dieese), que lan\u00e7ou quatro boletins especiais ao longo de abril e fechando em 1\u00ba de Maio, Dia do Trabalhador e da Trabalhadora. \u00a0Os dados desse texto est\u00e3o contidos no terceiro boletim.<\/p>\n<h3><strong>Impacto do sal\u00e1rio m\u00ednimo por g\u00eanero<\/strong><\/h3>\n<p>Em 2021, 28,5 milh\u00f5es de mulheres (26,2% da popula\u00e7\u00e3o feminina do pa\u00eds) foram impactadas pelo sal\u00e1rio m\u00ednimo. Desse total, 12,9 milh\u00f5es, de forma direta, e 15,5 milh\u00f5es, indiretamente. Entre os homens, 25,6 milh\u00f5es, representando 24,6% da popula\u00e7\u00e3o masculina brasileira, foram impactados pelo sal\u00e1rio m\u00ednimo. Desse total, 9,8 milh\u00f5es foram impactados de forma direta e 15,8 milh\u00f5es indiretamente.<\/p>\n<h3><strong>Vulner\u00e1veis<\/strong><\/h3>\n<p>O levantamento apontou ainda que o sal\u00e1rio m\u00ednimo impacta especialmente os segmentos mais vulner\u00e1veis da popula\u00e7\u00e3o: 28,5 milh\u00f5es de mulheres, 34,7 milh\u00f5es de pessoas negras e 7,7 milh\u00f5es de pessoas idosas. Ademais, 7,7 milh\u00f5es de pessoas com menos de 14 anos (crian\u00e7as e adolescentes), que tamb\u00e9m podem ser consideradas mais vulner\u00e1veis, foram impactadas pelo piso nacional. Finalmente, a faixa et\u00e1ria de 40 a 69 anos de idade foi a que concentrou o maior n\u00famero de pessoas (19,6 milh\u00f5es) impactadas pelo sal\u00e1rio m\u00ednimo.<\/p>\n<h3><strong>Metodologia<\/strong><\/h3>\n<p>Os dados foram levantados a partir dos n\u00fameros da Pesquisa Nacional por Amostra de Domic\u00edlios Cont\u00ednua Anual de 2021 (PnadC), realizada pelo Instituto Brasileiro de Geografia e Estat\u00edstica (IBGE).<\/p>\n<p>Considerou-se o valor de R$ 1.100 para o sal\u00e1rio m\u00ednimo, em vigor naquele ano. Nos grupos afetados direita e indiretamente foram consideradas apenas as pessoas com rendimentos de at\u00e9 1 sal\u00e1rio m\u00ednimo e que compunham fam\u00edlias com rendimento domiciliar per capita de, no m\u00e1ximo, R$ 1.650 (1,5 SM).<\/p>\n<p>No terceiro grupo, foram consideradas as pessoas n\u00e3o imediatamente impactadas pelo sal\u00e1rio m\u00ednimo, incluindo aquelas cujo rendimento se limitava a 1 SM, mas que tinham rendimento domiciliar per capita superior a 1,5 SM (R$1.650).<\/p>\n<p>Esses e outros dados est\u00e3o contidos no terceiro boletim \u201cA Popula\u00e7\u00e3o Impactada pelo Sal\u00e1rio M\u00ednimo no Brasil\u201d,\u00a0que pode ser lido na \u00edntegra\u00a0<strong><a href=\"https:\/\/admin.cut.org.br\/system\/uploads\/ck\/DIEESE%203.pdf\" target=\"_blank\" rel=\"noopener noreferrer\">aqui<\/a>.<\/strong><\/p>\n<h3><strong>Estudos do Dieese<\/strong><\/h3>\n<p>O primeiro do estudo publicado pelo \u00f3rg\u00e3o sobre o sal\u00e1rio m\u00ednimo foi o \u201cSal\u00e1rio M\u00ednimo \u2013 Instrumento de valoriza\u00e7\u00e3o do trabalho, combate \u00e0 pobreza e \u00e0 desigualdade, que pode ser lido\u00a0<a href=\"https:\/\/admin.cut.org.br\/system\/uploads\/ck\/DIEESE%202.pdf\" target=\"_blank\" rel=\"noopener noreferrer\"><strong>aqui<\/strong>,<\/a>\u00a0traz um hist\u00f3rico sobre a implanta\u00e7\u00e3o do piso salarial no Brasil e no mundo.<\/p>\n<p>O segundo \u00e9 tema \u00e9 \u201cAumento do Sal\u00e1rio M\u00ednimo, Produtividade, Infla\u00e7\u00e3o, desemprego e informalidade: quebrando alguns mitos\u201d, que rebate o discurso neoliberal de que reajustes elevariam a infla\u00e7\u00e3o. A conclus\u00e3o \u00e9 a de a que, entre 2003 e 2019, o aumento real do sal\u00e1rio m\u00ednimo (78,61% acima da infla\u00e7\u00e3o) foi bem superior ao aumento da produtividade da economia (24,94%) e foi alcan\u00e7ado com infla\u00e7\u00e3o controlada e decrescente, redu\u00e7\u00e3o do desemprego e redu\u00e7\u00e3o da informalidade. Para ler, clique\u00a0<a href=\"https:\/\/www.dieese.org.br\/outraspublicacoes\/2023\/notaEspecialSM_2_042023.pdf?fbclid=IwAR0pbQZ6dkwNNevyAoXaHwRjCgU1TcvD36e6wQ41xc7CQ7QLxesaEHGYFdc\" target=\"_blank\" rel=\"noopener noreferrer\"><strong>aqui.<\/strong><\/a><\/p>\n<p>O quarto e \u00faltimo volume \u201c Fortalecer a classe trabalhadora \u00e9 fortalecer a democracia\u201d, trata da import\u00e2ncia da negocia\u00e7\u00e3o coletiva e questiona a reforma Trabalhista de 2017, que retirou mais de 100 direitos contidos na Consolida\u00e7\u00e3o das Leis do Trabalho (CLT).<\/p>\n<p>Leia\u00a0<strong><a href=\"https:\/\/admin.cut.org.br\/system\/uploads\/ck\/DIEESE%204.pdf\" target=\"_blank\" rel=\"noopener noreferrer\">aqui.<\/a><\/strong><\/p>\n<p><strong>Fonte: CUT<\/strong><\/p>\n","protected":false},"excerpt":{"rendered":"<p>\u00a0 O an\u00fancio oficial do\u00a0presidente Lula (PT)\u00a0do reajuste do sal\u00e1rio m\u00ednimo de R$ 1.302 para R$ 1320 a partir deste m\u00eas de maio vai impactar positivamente na vida de 54 milh\u00f5es de pessoas. S\u00e3o 22,7 milh\u00f5es de pessoas de forma direta como os empregados do setor privado e p\u00fablico com carteira assinada (inclusive os trabalhadores [&hellip;]<\/p>\n","protected":false},"author":2,"featured_media":14027,"comment_status":"","ping_status":"","sticky":false,"template":"","format":"standard","meta":{"footnotes":""},"categories":[3],"tags":[],"class_list":["post-14028","post","type-post","status-publish","format-standard","has-post-thumbnail","hentry","category-noticias"],"_links":{"self":[{"href":"https:\/\/hostnetart.com.br\/baixada\/wp-json\/wp\/v2\/posts\/14028","targetHints":{"allow":["GET"]}}],"collection":[{"href":"https:\/\/hostnetart.com.br\/baixada\/wp-json\/wp\/v2\/posts"}],"about":[{"href":"https:\/\/hostnetart.com.br\/baixada\/wp-json\/wp\/v2\/types\/post"}],"author":[{"embeddable":true,"href":"https:\/\/hostnetart.com.br\/baixada\/wp-json\/wp\/v2\/users\/2"}],"replies":[{"embeddable":true,"href":"https:\/\/hostnetart.com.br\/baixada\/wp-json\/wp\/v2\/comments?post=14028"}],"version-history":[{"count":0,"href":"https:\/\/hostnetart.com.br\/baixada\/wp-json\/wp\/v2\/posts\/14028\/revisions"}],"wp:featuredmedia":[{"embeddable":true,"href":"https:\/\/hostnetart.com.br\/baixada\/wp-json\/wp\/v2\/media\/14027"}],"wp:attachment":[{"href":"https:\/\/hostnetart.com.br\/baixada\/wp-json\/wp\/v2\/media?parent=14028"}],"wp:term":[{"taxonomy":"category","embeddable":true,"href":"https:\/\/hostnetart.com.br\/baixada\/wp-json\/wp\/v2\/categories?post=14028"},{"taxonomy":"post_tag","embeddable":true,"href":"https:\/\/hostnetart.com.br\/baixada\/wp-json\/wp\/v2\/tags?post=14028"}],"curies":[{"name":"wp","href":"https:\/\/api.w.org\/{rel}","templated":true}]}}