{"id":14026,"date":"2023-05-02T15:18:29","date_gmt":"2023-05-02T18:18:29","guid":{"rendered":"https:\/\/hostnetart.com.br\/baixada\/1-de-maio-sergio-nobre-anuncia-campanha-permanente-contra-os-juros-altos\/"},"modified":"2023-05-02T15:18:29","modified_gmt":"2023-05-02T18:18:29","slug":"1-de-maio-sergio-nobre-anuncia-campanha-permanente-contra-os-juros-altos","status":"publish","type":"post","link":"https:\/\/hostnetart.com.br\/baixada\/1-de-maio-sergio-nobre-anuncia-campanha-permanente-contra-os-juros-altos\/","title":{"rendered":"1\u00ba de Maio: S\u00e9rgio Nobre anuncia campanha permanente contra os juros altos"},"content":{"rendered":"<p>O presidente da CUT Nacional, S\u00e9rgio Nobre, durante seu discurso no ato desta segunda-feira, 1\u00ba de Maio, Dia do Trabalhador e da Trabalhadora, afirmou ao presidente Lula que o movimento sindical far\u00e1 uma campanha permanente contra as altas taxas de juros no pa\u00eds que hoje est\u00e1 em 13,75%, por decis\u00e3o do Banco Central (BC), que se tornou independente do governo federal no ano passado.<\/p>\n<p>Para Nobre, o Brasil precisa voltar a crescer de forma vigorosa, gerar emprego que o povo precisa; acabar com a fome, que tinha acabado no governo Lula e, que, para isso tem de cair a taxa de juros e Campos Neto deixar a presid\u00eancia do Banco Central.<\/p>\n<p>\u201cCampos Neto est\u00e1 sabotando o crescimento do pa\u00eds com a taxa de juros de 13,75%. Por isso, presidente [Lula], a partir de amanh\u00e3 , o movimento sindical est\u00e1 em campanha permanente contra os juros altos<\/p>\n<p>Para S\u00e9rgio Nobre \u00e9 preciso reconstruir o pa\u00eds, destru\u00eddo por Jair Bolsonaro (PL).<\/p>\n<p>\u201cVimos nesses \u00faltimos sete 7 anos tr\u00e1gicos, que a nossa unidade \u00e9 fundamental para derrotar o fascismo no nosso pa\u00eds. Mas a nossa unidade vai ser mais importante ainda para reconstruir o que foi destru\u00eddo por Bolsonaro\u201d, declarou Nobre.<\/p>\n<p>O senhor em 100 dias de governo fez muito mais para a classe trabalhadora que Bolsonaro em quatro anos\u201d, afirmou.<\/p>\n<p>Antes do in\u00edcio do ato, S\u00e9rgio Nobre ressaltou que este 1\u00ba de Maio \u00e9 hist\u00f3rico, por ocorrer poucos meses ap\u00f3s a espetacular vit\u00f3ria nas elei\u00e7\u00f5es do presidente Lula, que tem uma for\u00e7a simb\u00f3lica no planeta. O presidente da CUT destacou ainda a lideran\u00e7a de Lula no mundo em defesa da paz e da classe trabalhadora e seus direitos.<\/p>\n<p>\u201c A classe trabalhadora no mundo inteiro acompanhou as elei\u00e7\u00f5es brasileiras porque a vit\u00f3ria de Lula mostrou uma voz de defesa da democracia, dos direitos humanos, e n\u00f3s queremos mostrar ao Presidente Lula, ao lado do seu ex\u00e9rcito, \u00a0do seu povo, dos movimentos social e populares que o Brasil voltou e \u00a0reencontrou seu caminho no desenvolvimento das democracia\u201d, declarou Nobre.<\/p>\n<p><strong>Fonte: CUT<\/strong><\/p>\n","protected":false},"excerpt":{"rendered":"<p>O presidente da CUT Nacional, S\u00e9rgio Nobre, durante seu discurso no ato desta segunda-feira, 1\u00ba de Maio, Dia do Trabalhador e da Trabalhadora, afirmou ao presidente Lula que o movimento sindical far\u00e1 uma campanha permanente contra as altas taxas de juros no pa\u00eds que hoje est\u00e1 em 13,75%, por decis\u00e3o do Banco Central (BC), que [&hellip;]<\/p>\n","protected":false},"author":2,"featured_media":14025,"comment_status":"","ping_status":"","sticky":false,"template":"","format":"standard","meta":{"footnotes":""},"categories":[3],"tags":[],"class_list":["post-14026","post","type-post","status-publish","format-standard","has-post-thumbnail","hentry","category-noticias"],"_links":{"self":[{"href":"https:\/\/hostnetart.com.br\/baixada\/wp-json\/wp\/v2\/posts\/14026","targetHints":{"allow":["GET"]}}],"collection":[{"href":"https:\/\/hostnetart.com.br\/baixada\/wp-json\/wp\/v2\/posts"}],"about":[{"href":"https:\/\/hostnetart.com.br\/baixada\/wp-json\/wp\/v2\/types\/post"}],"author":[{"embeddable":true,"href":"https:\/\/hostnetart.com.br\/baixada\/wp-json\/wp\/v2\/users\/2"}],"replies":[{"embeddable":true,"href":"https:\/\/hostnetart.com.br\/baixada\/wp-json\/wp\/v2\/comments?post=14026"}],"version-history":[{"count":0,"href":"https:\/\/hostnetart.com.br\/baixada\/wp-json\/wp\/v2\/posts\/14026\/revisions"}],"wp:featuredmedia":[{"embeddable":true,"href":"https:\/\/hostnetart.com.br\/baixada\/wp-json\/wp\/v2\/media\/14025"}],"wp:attachment":[{"href":"https:\/\/hostnetart.com.br\/baixada\/wp-json\/wp\/v2\/media?parent=14026"}],"wp:term":[{"taxonomy":"category","embeddable":true,"href":"https:\/\/hostnetart.com.br\/baixada\/wp-json\/wp\/v2\/categories?post=14026"},{"taxonomy":"post_tag","embeddable":true,"href":"https:\/\/hostnetart.com.br\/baixada\/wp-json\/wp\/v2\/tags?post=14026"}],"curies":[{"name":"wp","href":"https:\/\/api.w.org\/{rel}","templated":true}]}}