{"id":14020,"date":"2023-04-28T19:09:31","date_gmt":"2023-04-28T22:09:31","guid":{"rendered":"https:\/\/hostnetart.com.br\/baixada\/1-de-maio-faz-parte-da-historia-da-classe-trabalhadora-no-mundo\/"},"modified":"2023-04-28T19:09:31","modified_gmt":"2023-04-28T22:09:31","slug":"1-de-maio-faz-parte-da-historia-da-classe-trabalhadora-no-mundo","status":"publish","type":"post","link":"https:\/\/hostnetart.com.br\/baixada\/1-de-maio-faz-parte-da-historia-da-classe-trabalhadora-no-mundo\/","title":{"rendered":"1\u00ba de Maio faz parte da hist\u00f3ria da classe trabalhadora no mundo"},"content":{"rendered":"<p>O 1\u00ba de Maio marca a luta da classe trabalhadora desde 1886, quando uma greve geral foi deflagrada nos Estados Unidos, com a reivindica\u00e7\u00e3o da redu\u00e7\u00e3o da jornada, de at\u00e9 17 horas, para oito horas. Dias depois, violentos confrontos entre manifestantes e pol\u00edcia causaram mortes dos dois lados em Chicago. Sete oper\u00e1rios l\u00edderes desse movimento, conhecido como Revolta de Haymarket, foram condenados \u00e0 forca.<\/p>\n<p>Em protestos na data, em 1891, dez manifestantes foram mortos em Paris, fato que consolidou o Dia do Trabalhador internacionalmente. A Fran\u00e7a aprovou o turno de oito horas e decretou feriado a partir do 1\u00ba de Maio de 1919, quando come\u00e7ou a ser seguida por outros pa\u00edses. No Brasil, isso ocorreu em 1925. Os Estados Unidos n\u00e3o reconhecem a data, mas reduziram a jornada para oito horas em 1890.<\/p>\n<p>Para a presidenta da Confedera\u00e7\u00e3o Nacional dos Trabalhadores do Ramo Financeiro (Contraf-CUT) e vice-presidenta da CUT, Juvandia Moreira, \u201cno 1\u00ba de Maio, os trabalhadores se juntam para expressar sua import\u00e2ncia e manifestar sua for\u00e7a em todo o mundo\u201d. Por isso, completou, \u201cnossa mobiliza\u00e7\u00e3o \u00e9 um compromisso em favor de um mundo melhor, com dignidade, justi\u00e7a e oportunidades para as pessoas de todas as na\u00e7\u00f5es.\u201d<\/p>\n<p>A dirigente tamb\u00e9m refor\u00e7a que o Dia do Trabalhador e da Trabalhadora \u00e9 uma data de uni\u00e3o de todos. \u201cN\u00e3o interessa se da cidade ou do campo, se do Brasil, de outro pa\u00eds latino-americano ou de qualquer outro continente, estamos todos na mesma luta por melhores condi\u00e7\u00f5es de trabalho e por mais direitos para a classe trabalhadora\u201d, concluiu.<\/p>\n<p><strong>No Brasil<\/strong><\/p>\n<p>O movimento dos trabalhadores ganhou for\u00e7a no Brasil no come\u00e7o do s\u00e9culo passado, com os imigrantes europeus, em especial italianos e espanh\u00f3is, que vieram trabalhar nas f\u00e1bricas. Em 1917, aconteceu a primeira grande greve no pa\u00eds.<\/p>\n<p>Get\u00falio Vargas investiu numa pol\u00edtica paternalista, que controlou os sindicatos, mas trouxe garantias. Ele criou o sal\u00e1rio-m\u00ednimo em 1940 e instituiu a Consolida\u00e7\u00e3o das Leis do Trabalho (CLT) no 1\u00ba de maio de 1943, que garantiu turno de oito horas, f\u00e9rias, previd\u00eancia e direitos espec\u00edficos para a mulher e o menor, entre outros.<\/p>\n<p>Ap\u00f3s 1964, a ditadura militar passou a massacrar os movimentos populares: sindicatos sofreram interven\u00e7\u00e3o e sindicalistas foram cassados e presos. O regime, para favorecer o capital, extinguiu a reposi\u00e7\u00e3o salarial pela infla\u00e7\u00e3o e proibiu manifesta\u00e7\u00f5es de toda forma. Pelegos dominaram os sindicatos e passaram a usar o 1\u00ba de Maio para homenagear o governo opressor e o patr\u00e3o explorador.<\/p>\n<p><strong>Resist\u00eancia<\/strong><\/p>\n<p>Em 1977, os metal\u00fargicos do ABC paulista, sob a lideran\u00e7a de Lula, exigiram 34% de reajuste na campanha salarial e fizeram as primeiras grandes manifesta\u00e7\u00f5es no Brasil desde o golpe de 1964. O movimento atingiu o \u00e1pice em 1980, com uma greve de 41 dias. A ditadura prendeu l\u00edderes sindicais, entre eles Lula, e pro\u00edbiu o 1\u00ba de Maio, mas 150 mil trabalhadores se reun\u00edram numa missa e realizam uma das mais belas manifesta\u00e7\u00f5es da hist\u00f3ria do Brasil.<\/p>\n<p>Na d\u00e9cada de 1980 a classe trabalhadora se fortaleceu. Em 1983, metal\u00fargicos, banc\u00e1rios, petroleiros, qu\u00edmicos, motoristas e vidreiros, exigiram redu\u00e7\u00e3o de jornada, 100% para horas extras, seguro-desemprego, estabilidade e o fim da carestia. Nesse clima, foi criada a Central \u00danica dos Trabalhadores, a CUT. A mobiliza\u00e7\u00e3o garantiu aos trabalhadores a conquista desses e outros direitos na Constitui\u00e7\u00e3o de 1988.<\/p>\n<p><strong>Fonte: Contraf-CUT<\/strong><\/p>\n","protected":false},"excerpt":{"rendered":"<p>O 1\u00ba de Maio marca a luta da classe trabalhadora desde 1886, quando uma greve geral foi deflagrada nos Estados Unidos, com a reivindica\u00e7\u00e3o da redu\u00e7\u00e3o da jornada, de at\u00e9 17 horas, para oito horas. Dias depois, violentos confrontos entre manifestantes e pol\u00edcia causaram mortes dos dois lados em Chicago. Sete oper\u00e1rios l\u00edderes desse movimento, [&hellip;]<\/p>\n","protected":false},"author":2,"featured_media":14019,"comment_status":"","ping_status":"","sticky":false,"template":"","format":"standard","meta":{"footnotes":""},"categories":[3],"tags":[],"class_list":["post-14020","post","type-post","status-publish","format-standard","has-post-thumbnail","hentry","category-noticias"],"_links":{"self":[{"href":"https:\/\/hostnetart.com.br\/baixada\/wp-json\/wp\/v2\/posts\/14020","targetHints":{"allow":["GET"]}}],"collection":[{"href":"https:\/\/hostnetart.com.br\/baixada\/wp-json\/wp\/v2\/posts"}],"about":[{"href":"https:\/\/hostnetart.com.br\/baixada\/wp-json\/wp\/v2\/types\/post"}],"author":[{"embeddable":true,"href":"https:\/\/hostnetart.com.br\/baixada\/wp-json\/wp\/v2\/users\/2"}],"replies":[{"embeddable":true,"href":"https:\/\/hostnetart.com.br\/baixada\/wp-json\/wp\/v2\/comments?post=14020"}],"version-history":[{"count":0,"href":"https:\/\/hostnetart.com.br\/baixada\/wp-json\/wp\/v2\/posts\/14020\/revisions"}],"wp:featuredmedia":[{"embeddable":true,"href":"https:\/\/hostnetart.com.br\/baixada\/wp-json\/wp\/v2\/media\/14019"}],"wp:attachment":[{"href":"https:\/\/hostnetart.com.br\/baixada\/wp-json\/wp\/v2\/media?parent=14020"}],"wp:term":[{"taxonomy":"category","embeddable":true,"href":"https:\/\/hostnetart.com.br\/baixada\/wp-json\/wp\/v2\/categories?post=14020"},{"taxonomy":"post_tag","embeddable":true,"href":"https:\/\/hostnetart.com.br\/baixada\/wp-json\/wp\/v2\/tags?post=14020"}],"curies":[{"name":"wp","href":"https:\/\/api.w.org\/{rel}","templated":true}]}}