{"id":14018,"date":"2023-04-28T16:31:43","date_gmt":"2023-04-28T19:31:43","guid":{"rendered":"https:\/\/hostnetart.com.br\/baixada\/agenda-dos-atos-de-1-de-maio-esta-definida\/"},"modified":"2023-04-28T16:31:43","modified_gmt":"2023-04-28T19:31:43","slug":"agenda-dos-atos-de-1-de-maio-esta-definida","status":"publish","type":"post","link":"https:\/\/hostnetart.com.br\/baixada\/agenda-dos-atos-de-1-de-maio-esta-definida\/","title":{"rendered":"Agenda dos atos de 1\u00ba de Maio est\u00e1 definida"},"content":{"rendered":"<p>A maioria dos atos do Dia do Trabalhador e da Trabalhadora, organizados em conjunto pelas centrais sindicais, ser\u00e1 no pr\u00f3prio dia 1\u00ba de maio, segunda-feira. Em alguns estados, por\u00e9m, a atividade ocorrer\u00e1 no domingo (30). Confira a agenda completa nas principais cidades do pa\u00eds.<\/p>\n<p><strong>Aracaju (SE):<\/strong>\u00a01\u00ba de maio, \u00e0s 8h30, na escola Vit\u00f3ria de Santa Maria (pr\u00f3ximo ao Banese).<\/p>\n<p><strong>Bel\u00e9m<\/strong>\u00a0<strong>(PA):<\/strong>\u00a0domingo, dia 30, \u00e0s 9h, na pra\u00e7a da Rep\u00fablica.<\/p>\n<p><strong>Belo Horizonte (MG):<\/strong>\u00a0<a>1\u00ba de maio, \u00e0s <\/a>9h, na pra\u00e7a da Assembleia Legislativa.<\/p>\n<p><strong>Boa Vista (RR):\u00a0<\/strong>1\u00ba de maio, \u00e0s 17h na sede do PT (av. Benjamin Constant, 2.552, em S\u00e3o Vicente). Panfletagens no s\u00e1bado, dia 29 (\u00e0s 8h30, na feira do Pintol\u00e2ndia, rua Pedro Aldemar Bantim, em S\u00edlvio Botelho), e no domingo, dia 30 (\u00e0s 8h30, na feira da Ata\u00edde Teive, em Asa Branca).<\/p>\n<p><strong>Bras\u00edlia (DF):<\/strong>\u00a01\u00ba de maio, \u00e0s 10h, na feira Central de Ceil\u00e2ndia.<\/p>\n<p><strong>Florian\u00f3polis (SC)<\/strong>: 1\u00ba de maio, \u00e0s 14h, no largo da Alf\u00e2ndega. Ainda em Santa Catarina, haver\u00e1 atos, no dia 30, em <strong>S\u00e3o Miguel do Oeste<\/strong> (\u00e0s 15h, na pra\u00e7a Walnir Bottaro Daniel) e em <strong>Ca\u00e7ador<\/strong>\u00a0(\u00e0s 22h30, no Clube Sociedade Ca\u00e7adorense de Bochas).<\/p>\n<p><strong>Fortaleza (CE):<\/strong>\u00a01\u00ba de maio, \u00e0s 8h, no cruzamento das avenidas Leste-Oste e Dr. Theberge.<\/p>\n<p><strong>Goi\u00e2nia (GO):<\/strong>\u00a01\u00ba de maio, \u00e0s 15h, na pra\u00e7a do Trabalhador.<\/p>\n<p><strong>Jo\u00e3o Pessoa (PB):<\/strong>\u00a01\u00ba de maio, \u00e0s 15h, na praia de Cabo Branco.<\/p>\n<p><strong>Macei\u00f3 (AL):<\/strong>\u00a01\u00ba de maio, \u00e0s 8h, no Paju\u00e7ara (antigo CRB).<\/p>\n<p><strong>Natal (RN):<\/strong>\u00a01\u00ba de maio, \u00e0s 13h, no bairro das Rocas, na rotat\u00f3ria da rua Pereira Sim\u00f5es.<\/p>\n<p><strong>Porto Alegre (RS):<\/strong>\u00a01\u00ba de maio, \u00e0s 14h, na pra\u00e7a da Usina do Gas\u00f4metro.<\/p>\n<p><strong>Recife (PE):<\/strong>\u00a01\u00ba de maio, \u00e0s 10h, bairro do Pina (altura do edif\u00edcio JCPM).<\/p>\n<p><strong>Rio de Janeiro (RJ):<\/strong>\u00a01\u00ba de maio, \u00e0s 9h, no Parque Madureira.<\/p>\n<p><strong>Salvador (BA):<\/strong>\u00a01\u00ba de maio, \u00e0s 14h, no Farol da Barra.<\/p>\n<p><strong>S\u00e3o Lu\u00eds (MA)<\/strong>: 1\u00ba de maio, romaria na Igreja da Penha, Anjo da Guarda. Panfletagens nos dias 28 (\u00e0s 16h, na pra\u00e7a Deodoro), 29 (\u00e0s 7h, nas feiras da Liberdade e Jo\u00e3o Paulo) e 30 (\u00e0s 7h, na feira do bairro de F\u00e1tima).<\/p>\n<p><strong>S\u00e3o Paulo (SP), grande ato nacional:<\/strong> 1\u00ba de maio, \u00e0s 10h, no Vale do Anhangaba\u00fa.<\/p>\n<p><strong>Teresina (PI):<\/strong>\u00a01\u00ba de maio, \u00e0s 8h, na pra\u00e7a da Integra\u00e7\u00e3o (Parque Piau\u00ed).<\/p>\n<p><strong>Vit\u00f3ria (ES):<\/strong>\u00a01\u00ba de maio, \u00e0s 8h, na pra\u00e7a Jos\u00e9 Luiz Gobbi, em frente \u00e0 Rodovi\u00e1ria.<\/p>\n<p><\/p>\n<p><strong>Informa\u00e7\u00f5es atualizadas<\/strong><\/p>\n<p>Informa\u00e7\u00f5es atualizadas sobre o 1\u00ba de Maio est\u00e3o sendo postadas nas p\u00e1ginas das centrais no\u00a0<a href=\"https:\/\/www.instagram.com\/1demaiodascentrais\/?igshid=YmMyMTA2M2Y%3D\" target=\"_blank\" rel=\"noopener noreferrer\">Instagram<\/a>, no\u00a0<a href=\"https:\/\/www.facebook.com\/people\/1-de-Maio-das-Centrais\/100091675277133\/?mibextid=LQQJ4d\" target=\"_blank\" rel=\"noopener noreferrer\">Facebook<\/a>\u00a0e no\u00a0<a href=\"https:\/\/twitter.com\/1demaiocentrais\" target=\"_blank\" rel=\"noopener noreferrer\">Twitter<\/a>.<\/p>\n<p><strong>Fonte: Contraf-CUT<\/strong><\/p>\n","protected":false},"excerpt":{"rendered":"<p>A maioria dos atos do Dia do Trabalhador e da Trabalhadora, organizados em conjunto pelas centrais sindicais, ser\u00e1 no pr\u00f3prio dia 1\u00ba de maio, segunda-feira. Em alguns estados, por\u00e9m, a atividade ocorrer\u00e1 no domingo (30). Confira a agenda completa nas principais cidades do pa\u00eds. Aracaju (SE):\u00a01\u00ba de maio, \u00e0s 8h30, na escola Vit\u00f3ria de Santa [&hellip;]<\/p>\n","protected":false},"author":2,"featured_media":14017,"comment_status":"","ping_status":"","sticky":false,"template":"","format":"standard","meta":{"footnotes":""},"categories":[3],"tags":[],"class_list":["post-14018","post","type-post","status-publish","format-standard","has-post-thumbnail","hentry","category-noticias"],"_links":{"self":[{"href":"https:\/\/hostnetart.com.br\/baixada\/wp-json\/wp\/v2\/posts\/14018","targetHints":{"allow":["GET"]}}],"collection":[{"href":"https:\/\/hostnetart.com.br\/baixada\/wp-json\/wp\/v2\/posts"}],"about":[{"href":"https:\/\/hostnetart.com.br\/baixada\/wp-json\/wp\/v2\/types\/post"}],"author":[{"embeddable":true,"href":"https:\/\/hostnetart.com.br\/baixada\/wp-json\/wp\/v2\/users\/2"}],"replies":[{"embeddable":true,"href":"https:\/\/hostnetart.com.br\/baixada\/wp-json\/wp\/v2\/comments?post=14018"}],"version-history":[{"count":0,"href":"https:\/\/hostnetart.com.br\/baixada\/wp-json\/wp\/v2\/posts\/14018\/revisions"}],"wp:featuredmedia":[{"embeddable":true,"href":"https:\/\/hostnetart.com.br\/baixada\/wp-json\/wp\/v2\/media\/14017"}],"wp:attachment":[{"href":"https:\/\/hostnetart.com.br\/baixada\/wp-json\/wp\/v2\/media?parent=14018"}],"wp:term":[{"taxonomy":"category","embeddable":true,"href":"https:\/\/hostnetart.com.br\/baixada\/wp-json\/wp\/v2\/categories?post=14018"},{"taxonomy":"post_tag","embeddable":true,"href":"https:\/\/hostnetart.com.br\/baixada\/wp-json\/wp\/v2\/tags?post=14018"}],"curies":[{"name":"wp","href":"https:\/\/api.w.org\/{rel}","templated":true}]}}