{"id":14016,"date":"2023-04-28T16:30:25","date_gmt":"2023-04-28T19:30:25","guid":{"rendered":"https:\/\/hostnetart.com.br\/baixada\/eduardo-nunes-vai-ao-2-turno-na-eleicao-do-ca-da-caixa\/"},"modified":"2023-04-28T16:30:25","modified_gmt":"2023-04-28T19:30:25","slug":"eduardo-nunes-vai-ao-2-turno-na-eleicao-do-ca-da-caixa","status":"publish","type":"post","link":"https:\/\/hostnetart.com.br\/baixada\/eduardo-nunes-vai-ao-2-turno-na-eleicao-do-ca-da-caixa\/","title":{"rendered":"Eduardo Nunes vai ao 2\u00ba turno na elei\u00e7\u00e3o do CA da Caixa"},"content":{"rendered":"<p>A vota\u00e7\u00e3o do primeiro turno da elei\u00e7\u00e3o para a defini\u00e7\u00e3o da representa\u00e7\u00e3o das empregadas e empregados no Conselho de Administra\u00e7\u00e3o da Caixa Econ\u00f4mica Federal se encerrou na quinta-feira (27). Eduardo Nunes, apoiado pela Confedera\u00e7\u00e3o Nacional dos Trabalhadores do Ramo Financeiro (Contraf-CUT) e pela <a href=\"https:\/\/contrafcut.com.br\/noticias\/contraf-cut-apoia-eduardo-nunes-para-o-ca-da-caixa\" target=\"_blank\" rel=\"noopener noreferrer\">maioria das entidades de representa\u00e7\u00e3o e associativas<\/a>das empregadas e empregados da Caixa, obteve 31,45% e disputar\u00e1 o segundo turno contra Ant\u00f4nio Messias, que conseguiu 34,94%. A vota\u00e7\u00e3o do segundo turno acontecer\u00e1 de 5 a 10 maio.<\/p>\n<p>\u201cAgrade\u00e7o n\u00e3o apenas a quem depositou sua confian\u00e7a para que eu os represente no CA da Caixa, mas a todos que participaram deste primeiro turno. Todos est\u00e3o de parab\u00e9ns! \u00c9 assim, com a participa\u00e7\u00e3o de todos que vamos conseguir avan\u00e7ar nas conquistas para n\u00f3s trabalhadores, mas tamb\u00e9m na reconstru\u00e7\u00e3o de uma Caixa Econ\u00f4mica Federal que se importe verdadeiramente com suas empregadas e empregados e com a reconstru\u00e7\u00e3o de um pa\u00eds democr\u00e1tico, que garanta oportunidades para toda a popula\u00e7\u00e3o\u201d, afirmou Eduardo Nunes.<\/p>\n<h3><strong>Porque votar no Edu no 2\u00ba turno<\/strong><\/h3>\n<p>\u201cO Edu \u00e9 um cara que est\u00e1 na base. Que acompanha e sabe quais s\u00e3o os problemas vivenciados pelas empregadas e empregados no dia a dia das unidades da Caixa. Al\u00e9m disso, j\u00e1 atuou como delegado sindical e \u00e9 pr\u00f3ximo das entidades de representa\u00e7\u00e3o dos trabalhadores. Conhece os caminhos que devem ser percorridos para que estes problemas cheguem ao conhecimento da dire\u00e7\u00e3o do banco e haja solu\u00e7\u00e3o. Por isso, \u00e9 o melhor candidato para nos representar no CA\u201d, ressaltou o empregado da Caixa e dirigente da Contraf-CUT, Rafael de Castro.<\/p>\n<p>\u201cNo primeiro turno acompanhamos o Edu em visitas a diversas unidades da Caixa e neste segundo turno faremos isso novamente e com mais intensidade para tentar eleg\u00ea-lo, pois \u00e9 o melhor candidato para o conjunto dos empregados\u201d, afirmou a coordenadora da Comiss\u00e3o Executiva dos Empregados (CEE) da Caixa, Fabiana Uehara Proscholdt.<\/p>\n<h3><strong>Como votar<\/strong><\/h3>\n<p>Como no primeiro turno, a vota\u00e7\u00e3o ser\u00e1 realizada, exclusivamente, por meio eletr\u00f4nico. Basta acessar <a href=\"https:\/\/eleicaoca.caixa.gov.br\/\" target=\"_blank\" rel=\"noopener noreferrer\">https:\/\/eleicaoca.caixa.gov.br<\/a>, entrar com a matr\u00edcula e senha pessoal e <strong>votar 0001 Eduardo<\/strong>.<\/p>\n<p>Empregados e empregadas que possuam cadastro nos aplicativos FGTS, Loterias Online, Sa\u00fade Caixa Mobile ou Sou Caixa Web, podem entrar com CPF e a senha desses aplicativos.<\/p>\n<p>Caso seja o primeiro acesso, o empregado dever\u00e1 cadastrar-se utilizando CPF, data de nascimento, e-mail v\u00e1lido e senha num\u00e9rica de seis d\u00edgitos.<\/p>\n<p><strong>Fonte: Contraf-CUT<\/strong><\/p>\n","protected":false},"excerpt":{"rendered":"<p>A vota\u00e7\u00e3o do primeiro turno da elei\u00e7\u00e3o para a defini\u00e7\u00e3o da representa\u00e7\u00e3o das empregadas e empregados no Conselho de Administra\u00e7\u00e3o da Caixa Econ\u00f4mica Federal se encerrou na quinta-feira (27). Eduardo Nunes, apoiado pela Confedera\u00e7\u00e3o Nacional dos Trabalhadores do Ramo Financeiro (Contraf-CUT) e pela maioria das entidades de representa\u00e7\u00e3o e associativasdas empregadas e empregados da Caixa, [&hellip;]<\/p>\n","protected":false},"author":2,"featured_media":14015,"comment_status":"","ping_status":"","sticky":false,"template":"","format":"standard","meta":{"footnotes":""},"categories":[3],"tags":[],"class_list":["post-14016","post","type-post","status-publish","format-standard","has-post-thumbnail","hentry","category-noticias"],"_links":{"self":[{"href":"https:\/\/hostnetart.com.br\/baixada\/wp-json\/wp\/v2\/posts\/14016","targetHints":{"allow":["GET"]}}],"collection":[{"href":"https:\/\/hostnetart.com.br\/baixada\/wp-json\/wp\/v2\/posts"}],"about":[{"href":"https:\/\/hostnetart.com.br\/baixada\/wp-json\/wp\/v2\/types\/post"}],"author":[{"embeddable":true,"href":"https:\/\/hostnetart.com.br\/baixada\/wp-json\/wp\/v2\/users\/2"}],"replies":[{"embeddable":true,"href":"https:\/\/hostnetart.com.br\/baixada\/wp-json\/wp\/v2\/comments?post=14016"}],"version-history":[{"count":0,"href":"https:\/\/hostnetart.com.br\/baixada\/wp-json\/wp\/v2\/posts\/14016\/revisions"}],"wp:featuredmedia":[{"embeddable":true,"href":"https:\/\/hostnetart.com.br\/baixada\/wp-json\/wp\/v2\/media\/14015"}],"wp:attachment":[{"href":"https:\/\/hostnetart.com.br\/baixada\/wp-json\/wp\/v2\/media?parent=14016"}],"wp:term":[{"taxonomy":"category","embeddable":true,"href":"https:\/\/hostnetart.com.br\/baixada\/wp-json\/wp\/v2\/categories?post=14016"},{"taxonomy":"post_tag","embeddable":true,"href":"https:\/\/hostnetart.com.br\/baixada\/wp-json\/wp\/v2\/tags?post=14016"}],"curies":[{"name":"wp","href":"https:\/\/api.w.org\/{rel}","templated":true}]}}