{"id":14014,"date":"2023-04-27T16:53:00","date_gmt":"2023-04-27T19:53:00","guid":{"rendered":"https:\/\/hostnetart.com.br\/baixada\/kelly-quirino-toma-posse-como-caref-bb\/"},"modified":"2023-04-27T16:53:00","modified_gmt":"2023-04-27T19:53:00","slug":"kelly-quirino-toma-posse-como-caref-bb","status":"publish","type":"post","link":"https:\/\/hostnetart.com.br\/baixada\/kelly-quirino-toma-posse-como-caref-bb\/","title":{"rendered":"Kelly Quirino toma posse como Caref BB"},"content":{"rendered":"<p>Kelly Quirino toma posse oficialmente nesta quinta-feira (27) como Conselheira de Administra\u00e7\u00e3o Representante dos Funcion\u00e1rios (Caref), no Conselho de Administra\u00e7\u00e3o (CA) do Banco do Brasil (BB). Seguindo o protocolo, a Assembleia Geral dos Acionistas vai ratificar hoje a elei\u00e7\u00e3o que j\u00e1 havia sido confirmada pela empresa em fevereiro, ap\u00f3s apura\u00e7\u00e3o do resultado do pleito, onde a candidata saiu vitoriosa com 60,70% dos 31.429 votos v\u00e1lidos.<\/p>\n<p>\u201cDesde que fui eleita, conversei j\u00e1 com muitas pessoas, fazendo uma escuta ativa de demandas. Agora, com a posse, poderei fazer uma representa\u00e7\u00e3o ativa desses trabalhadores no CA\u201d, disse Kelly. \u201cAp\u00f3s quase 16 anos como funcion\u00e1ria do Banco do Brasil, assumir uma cadeira no CA me emociona muito\u201d, completou. \u201cAceitei esse desafio, que tamb\u00e9m abre caminho para outras mulheres pretas poderem ser conselheiras. Sei do papel que as minhas ancestrais tiverem na constru\u00e7\u00e3o deste pa\u00eds. Sei o lugar que as mulheres s\u00e3o colocadas, as mulheres negras s\u00e3o colocadas neste pa\u00eds, um lugar de servi\u00e7o, da subalternidade\u201d, refletiu ainda.<\/p>\n<h3><strong>Planos para o mandato<\/strong><\/h3>\n<p>Kelly refor\u00e7ou que mant\u00e9m suas propostas de campanha, que incluem lutar para que o BB continue forte, ampliando sua participa\u00e7\u00e3o no mercado sem deixar de lado a amplia\u00e7\u00e3o de cr\u00e9dito para desenvolver setores. \u201cO Banco do Brasil tem que ser um aliado no repasse de cr\u00e9dito, incluindo para infraestrutura, agricultura familiar, micro e pequenas empresas. Sou de uma linha com o olhar desenvolvimentista\u201d, pontuou.<\/p>\n<p>A nova Caref destacou ainda que ir\u00e1 colocar em pr\u00e1tica a promessa de campanha da cria\u00e7\u00e3o de um canal direto entre ela e os funcion\u00e1rios do BB, al\u00e9m de ser atuante na promo\u00e7\u00e3o da diversidade e no combate ao ass\u00e9dio dentro da empresa.<\/p>\n<p>A funcion\u00e1ria do BB e representante da Confedera\u00e7\u00e3o Nacional dos Trabalhadores do Ramo Financeiro (Contraf-CUT) na Comiss\u00e3o de Empresa dos Funcion\u00e1rios do Banco do Brasil (CEBB), Fernanda Lopes, lembrou da import\u00e2ncia da participa\u00e7\u00e3o de funcion\u00e1rios na gest\u00e3o do banco. \u201cO papel do Caref \u00e9 ser a voz dos funcion\u00e1rios no CA. Apesar de, pela legisla\u00e7\u00e3o, o cargo ser impedido de votar em pautas que envolvam quest\u00f5es funcionais, o representante ou a representante dos trabalhadores no colegiado tem acesso garantido a relat\u00f3rios de auditorias, controladoria e das pr\u00f3prias discuss\u00f5es no CA, informa\u00e7\u00f5es que ajudam a fortalecer as discuss\u00f5es sobre as demandas dos trabalhadores no banco\u201d, explicou.<\/p>\n<p><strong>Fonte: Contraf-CUT<\/strong><\/p>\n","protected":false},"excerpt":{"rendered":"<p>Kelly Quirino toma posse oficialmente nesta quinta-feira (27) como Conselheira de Administra\u00e7\u00e3o Representante dos Funcion\u00e1rios (Caref), no Conselho de Administra\u00e7\u00e3o (CA) do Banco do Brasil (BB). Seguindo o protocolo, a Assembleia Geral dos Acionistas vai ratificar hoje a elei\u00e7\u00e3o que j\u00e1 havia sido confirmada pela empresa em fevereiro, ap\u00f3s apura\u00e7\u00e3o do resultado do pleito, onde [&hellip;]<\/p>\n","protected":false},"author":2,"featured_media":14013,"comment_status":"","ping_status":"","sticky":false,"template":"","format":"standard","meta":{"footnotes":""},"categories":[3],"tags":[],"class_list":["post-14014","post","type-post","status-publish","format-standard","has-post-thumbnail","hentry","category-noticias"],"_links":{"self":[{"href":"https:\/\/hostnetart.com.br\/baixada\/wp-json\/wp\/v2\/posts\/14014","targetHints":{"allow":["GET"]}}],"collection":[{"href":"https:\/\/hostnetart.com.br\/baixada\/wp-json\/wp\/v2\/posts"}],"about":[{"href":"https:\/\/hostnetart.com.br\/baixada\/wp-json\/wp\/v2\/types\/post"}],"author":[{"embeddable":true,"href":"https:\/\/hostnetart.com.br\/baixada\/wp-json\/wp\/v2\/users\/2"}],"replies":[{"embeddable":true,"href":"https:\/\/hostnetart.com.br\/baixada\/wp-json\/wp\/v2\/comments?post=14014"}],"version-history":[{"count":0,"href":"https:\/\/hostnetart.com.br\/baixada\/wp-json\/wp\/v2\/posts\/14014\/revisions"}],"wp:featuredmedia":[{"embeddable":true,"href":"https:\/\/hostnetart.com.br\/baixada\/wp-json\/wp\/v2\/media\/14013"}],"wp:attachment":[{"href":"https:\/\/hostnetart.com.br\/baixada\/wp-json\/wp\/v2\/media?parent=14014"}],"wp:term":[{"taxonomy":"category","embeddable":true,"href":"https:\/\/hostnetart.com.br\/baixada\/wp-json\/wp\/v2\/categories?post=14014"},{"taxonomy":"post_tag","embeddable":true,"href":"https:\/\/hostnetart.com.br\/baixada\/wp-json\/wp\/v2\/tags?post=14014"}],"curies":[{"name":"wp","href":"https:\/\/api.w.org\/{rel}","templated":true}]}}