{"id":14012,"date":"2023-04-27T16:45:31","date_gmt":"2023-04-27T19:45:31","guid":{"rendered":"https:\/\/hostnetart.com.br\/baixada\/1-de-maio-dia-do-trabalhador-e-da-trabalhadora-ato-sera-em-madureira\/"},"modified":"2023-04-27T16:45:31","modified_gmt":"2023-04-27T19:45:31","slug":"1-de-maio-dia-do-trabalhador-e-da-trabalhadora-ato-sera-em-madureira","status":"publish","type":"post","link":"https:\/\/hostnetart.com.br\/baixada\/1-de-maio-dia-do-trabalhador-e-da-trabalhadora-ato-sera-em-madureira\/","title":{"rendered":"1\u00ba de maio &#8211; Dia do Trabalhador e da Trabalhadora: ato ser\u00e1 em Madureira"},"content":{"rendered":"<div class=\"xdj266r x11i5rnm xat24cr x1mh8g0r x1vvkbs x126k92a\">\u00a0<\/div>\n<div class=\"x11i5rnm xat24cr x1mh8g0r x1vvkbs xtlvy1s x126k92a\">\n<div dir=\"auto\">O pr\u00f3ximo dia dos trabalhadores e das trabalhadoras vai ser marcado por muita festa.<\/div>\n<div dir=\"auto\">\u00a0<\/div>\n<div dir=\"auto\">O evento unificado da CUT-Rio e das demais centrais sindicais acontece no Parque Madureira, em 1\u00ba de maio (segunda-feira), das 9h \u00e0s 17h.<\/div>\n<div dir=\"auto\">\u00a0<\/div>\n<div dir=\"auto\">\n<div dir=\"auto\">Este ato traz a uni\u00e3o das bandeiras de luta das centrais que, na mobiliza\u00e7\u00e3o da milit\u00e2ncia e dos trabalhadores e das trabalhadoras, busca o fortalecimento dos sindicatos, a valoriza\u00e7\u00e3o da negocia\u00e7\u00e3o coletiva, aumento no piso salarial estadual, o combate \u00e0 precariza\u00e7\u00e3o dos servi\u00e7os, a gera\u00e7\u00e3o de emprego e renda, amplia\u00e7\u00e3o dos direitos da classe trabalhadora e garantia da democracia.<\/div>\n<\/div>\n<div dir=\"auto\">\u00a0<\/div>\n<\/div>\n<div class=\"x11i5rnm xat24cr x1mh8g0r x1vvkbs xtlvy1s x126k92a\">\n<div dir=\"auto\">Durante todo o dia, v\u00e3o acontecer manifesta\u00e7\u00f5es pol\u00edticas e apresenta\u00e7\u00f5es art\u00edsticas. O grupo de samba \u201cMo\u00e7a Prosa\u201d se apresenta das 13h \u00e0s 15h. Formado apenas por mulheres, utiliza o samba como um ato leg\u00edtimo de den\u00fancia das mazelas da sociedade.<\/div>\n<div dir=\"auto\">\u00a0<\/div>\n<\/div>\n<div class=\"x11i5rnm xat24cr x1mh8g0r x1vvkbs xtlvy1s x126k92a\">\u00a0<\/div>\n<div class=\"x11i5rnm xat24cr x1mh8g0r x1vvkbs xtlvy1s x126k92a\">\n<div dir=\"auto\">Junte-se a essa luta que \u00e9 de todos n\u00f3s.<\/div>\n<\/div>\n","protected":false},"excerpt":{"rendered":"<p>\u00a0 O pr\u00f3ximo dia dos trabalhadores e das trabalhadoras vai ser marcado por muita festa. \u00a0 O evento unificado da CUT-Rio e das demais centrais sindicais acontece no Parque Madureira, em 1\u00ba de maio (segunda-feira), das 9h \u00e0s 17h. \u00a0 Este ato traz a uni\u00e3o das bandeiras de luta das centrais que, na mobiliza\u00e7\u00e3o da [&hellip;]<\/p>\n","protected":false},"author":2,"featured_media":14011,"comment_status":"","ping_status":"","sticky":false,"template":"","format":"standard","meta":{"footnotes":""},"categories":[3],"tags":[],"class_list":["post-14012","post","type-post","status-publish","format-standard","has-post-thumbnail","hentry","category-noticias"],"_links":{"self":[{"href":"https:\/\/hostnetart.com.br\/baixada\/wp-json\/wp\/v2\/posts\/14012","targetHints":{"allow":["GET"]}}],"collection":[{"href":"https:\/\/hostnetart.com.br\/baixada\/wp-json\/wp\/v2\/posts"}],"about":[{"href":"https:\/\/hostnetart.com.br\/baixada\/wp-json\/wp\/v2\/types\/post"}],"author":[{"embeddable":true,"href":"https:\/\/hostnetart.com.br\/baixada\/wp-json\/wp\/v2\/users\/2"}],"replies":[{"embeddable":true,"href":"https:\/\/hostnetart.com.br\/baixada\/wp-json\/wp\/v2\/comments?post=14012"}],"version-history":[{"count":0,"href":"https:\/\/hostnetart.com.br\/baixada\/wp-json\/wp\/v2\/posts\/14012\/revisions"}],"wp:featuredmedia":[{"embeddable":true,"href":"https:\/\/hostnetart.com.br\/baixada\/wp-json\/wp\/v2\/media\/14011"}],"wp:attachment":[{"href":"https:\/\/hostnetart.com.br\/baixada\/wp-json\/wp\/v2\/media?parent=14012"}],"wp:term":[{"taxonomy":"category","embeddable":true,"href":"https:\/\/hostnetart.com.br\/baixada\/wp-json\/wp\/v2\/categories?post=14012"},{"taxonomy":"post_tag","embeddable":true,"href":"https:\/\/hostnetart.com.br\/baixada\/wp-json\/wp\/v2\/tags?post=14012"}],"curies":[{"name":"wp","href":"https:\/\/api.w.org\/{rel}","templated":true}]}}